{"id":1117,"date":"2023-05-05T19:16:00","date_gmt":"2023-05-05T18:16:00","guid":{"rendered":"https:\/\/www.siar.ch\/?p=1117"},"modified":"2023-08-22T11:06:44","modified_gmt":"2023-08-22T10:06:44","slug":"le-modele-neuchatelois-suscite-interet-et-discussions-a-geneve","status":"publish","type":"post","link":"https:\/\/www.siar.ch\/?p=1117","title":{"rendered":"Le \u00abmod\u00e8le\u00bb neuch\u00e2telois suscite int\u00e9r\u00eat et discussions \u00e0 Gen\u00e8ve"},"content":{"rendered":"\n<p>Jeudi 4 mai 2023, Gilliane Kern a \u00e9t\u00e9 invit\u00e9e par le groupe des archivistes des communes genevoises afin de pr\u00e9senter le syst\u00e8me mutualis\u00e9 de soutien professionnel pour la gestion de l&rsquo;information et des archives dans les petites et moyennes communes neuch\u00e2teloises.<\/p>\n\n\n\n<figure class=\"wp-block-image size-large\"><a href=\"https:\/\/www.siar.ch\/wp-content\/uploads\/2023\/05\/Pres_SIAr-CommunesGE_20230504_Ke.pdf\" target=\"_blank\" rel=\"noreferrer noopener\"><img loading=\"lazy\" decoding=\"async\" width=\"1024\" height=\"576\" src=\"https:\/\/www.siar.ch\/wp-content\/uploads\/2023\/05\/Pres_SIAr-CommunesGE_20230504_Ke-1024x576.jpg\" alt=\"\" class=\"wp-image-1118\" srcset=\"https:\/\/www.siar.ch\/wp-content\/uploads\/2023\/05\/Pres_SIAr-CommunesGE_20230504_Ke-1024x576.jpg 1024w, https:\/\/www.siar.ch\/wp-content\/uploads\/2023\/05\/Pres_SIAr-CommunesGE_20230504_Ke-300x169.jpg 300w, https:\/\/www.siar.ch\/wp-content\/uploads\/2023\/05\/Pres_SIAr-CommunesGE_20230504_Ke-768x432.jpg 768w, https:\/\/www.siar.ch\/wp-content\/uploads\/2023\/05\/Pres_SIAr-CommunesGE_20230504_Ke-624x351.jpg 624w, https:\/\/www.siar.ch\/wp-content\/uploads\/2023\/05\/Pres_SIAr-CommunesGE_20230504_Ke.jpg 1280w\" sizes=\"auto, (max-width: 1024px) 100vw, 1024px\" \/><\/a><figcaption class=\"wp-element-caption\">Cliquer sur l&rsquo;image pour acc\u00e9der au support de la pr\u00e9sentation.<\/figcaption><\/figure>\n\n\n\n<p>Cette pr\u00e9sentation n\u2019a alors pas manqu\u00e9 de faire r\u00e9agir l\u2019ensemble des personnes pr\u00e9sentes. En effet, apr\u00e8s une introduction \u00e0 l&rsquo;environnement externe et interne des communes neuch\u00e2teloises et au fonctionnement du Service intercommunal d&rsquo;archivage (SIAr), une discussion particuli\u00e8rement vive et riche a d\u00e9bouch\u00e9 sur le constat que la situation actuelle o\u00f9 seulement 10 des 40 communes genevoises disposent d\u2019un\u00b7e archiviste constituait un risque important pour la conservation optimale du patrimoine documentaire et archivistique r\u00e9gional.<\/p>\n<p>Soucieux de proposer des solutions, les sp\u00e9cialistes pr\u00e9sent\u00b7e\u00b7s sont arriv\u00e9\u00b7e\u00b7s aux conclusions suivantes :<\/p>\n<ul>\n<li>Les communes doivent imp\u00e9rativement avoir du personnel professionnel form\u00e9 pour la gestion de l&rsquo;information et des archives, notamment dans le cadre de la d\u00e9mat\u00e9rialisation de l&rsquo;administration (lors de projets de gestion \u00e9lectronique des documents par exemple).<\/li>\n<li>Elles doivent se donner les moyens et ne plus sous-\u00e9valuer ces postes afin de les conserver sur le long terme.<\/li>\n<li>Elles doivent alors songer \u00e0 partager les co\u00fbts en recrutant collectivement un\u00b7e archiviste selon leurs besoins.<\/li>\n<li>Elles peuvent \u00e9galement recourir \u00e0 des archivistes externes en cas de projets extraordinaires.<\/li>\n<\/ul>\n<p>Il a \u00e9galement \u00e9t\u00e9 \u00e9tabli que les Archives d&rsquo;\u00c9tat constituent un soutien non n\u00e9gligeable pour les archivistes des communes et que leur voix est largement \u00e9cout\u00e9e par les organes dirigeants de ces derni\u00e8res.<\/p>\n\n\n\n<p>Nous remercions Fiona Rh\u00eame (archiviste communale de Ch\u00eane-Bougeries, Vand\u0153uvres et Gy) pour l&rsquo;invitation et l&rsquo;organisation de cette pr\u00e9sentation et nous r\u00e9jouissons de conna\u00eetre les suites de cette discussion.<\/p>\n","protected":false},"excerpt":{"rendered":"<p>Jeudi 4 mai 2023, Gilliane Kern a \u00e9t\u00e9 invit\u00e9e par le groupe des archivistes des communes genevoises afin de pr\u00e9senter le syst\u00e8me mutualis\u00e9 de soutien professionnel pour la gestion de l&rsquo;information et des archives dans les petites et moyennes communes neuch\u00e2teloises. Cette pr\u00e9sentation n\u2019a alors pas manqu\u00e9 de faire r\u00e9agir l\u2019ensemble des personnes pr\u00e9sentes. En [&hellip;]<\/p>\n","protected":false},"author":7,"featured_media":0,"comment_status":"closed","ping_status":"closed","sticky":false,"template":"","format":"standard","meta":{"_jetpack_newsletter_access":"","_jetpack_dont_email_post_to_subs":false,"_jetpack_newsletter_tier_id":0,"_jetpack_memberships_contains_paywalled_content":false,"_jetpack_memberships_contains_paid_content":false,"footnotes":""},"categories":[36,18,11,37],"tags":[],"class_list":["post-1117","post","type-post","status-publish","format-standard","hentry","category-communes","category-equipe-locaux","category-mandats","category-types-darchives"],"jetpack_featured_media_url":"","jetpack_sharing_enabled":true,"jetpack_shortlink":"https:\/\/wp.me\/pfBqfE-i1","_links":{"self":[{"href":"https:\/\/www.siar.ch\/index.php?rest_route=\/wp\/v2\/posts\/1117","targetHints":{"allow":["GET"]}}],"collection":[{"href":"https:\/\/www.siar.ch\/index.php?rest_route=\/wp\/v2\/posts"}],"about":[{"href":"https:\/\/www.siar.ch\/index.php?rest_route=\/wp\/v2\/types\/post"}],"author":[{"embeddable":true,"href":"https:\/\/www.siar.ch\/index.php?rest_route=\/wp\/v2\/users\/7"}],"replies":[{"embeddable":true,"href":"https:\/\/www.siar.ch\/index.php?rest_route=%2Fwp%2Fv2%2Fcomments&post=1117"}],"version-history":[{"count":4,"href":"https:\/\/www.siar.ch\/index.php?rest_route=\/wp\/v2\/posts\/1117\/revisions"}],"predecessor-version":[{"id":1125,"href":"https:\/\/www.siar.ch\/index.php?rest_route=\/wp\/v2\/posts\/1117\/revisions\/1125"}],"wp:attachment":[{"href":"https:\/\/www.siar.ch\/index.php?rest_route=%2Fwp%2Fv2%2Fmedia&parent=1117"}],"wp:term":[{"taxonomy":"category","embeddable":true,"href":"https:\/\/www.siar.ch\/index.php?rest_route=%2Fwp%2Fv2%2Fcategories&post=1117"},{"taxonomy":"post_tag","embeddable":true,"href":"https:\/\/www.siar.ch\/index.php?rest_route=%2Fwp%2Fv2%2Ftags&post=1117"}],"curies":[{"name":"wp","href":"https:\/\/api.w.org\/{rel}","templated":true}]}}