{"id":1136,"date":"2023-12-13T13:47:22","date_gmt":"2023-12-13T12:47:22","guid":{"rendered":"https:\/\/www.siar.ch\/?p=1136"},"modified":"2023-12-14T17:26:55","modified_gmt":"2023-12-14T16:26:55","slug":"une-bibliotheque-scolaire-tres-precieuse","status":"publish","type":"post","link":"https:\/\/www.siar.ch\/?p=1136","title":{"rendered":"Une biblioth\u00e8que scolaire tr\u00e8s pr\u00e9cieuse"},"content":{"rendered":"\n<div class=\"wp-block-group\"><div class=\"wp-block-group__inner-container is-layout-constrained wp-block-group-is-layout-constrained\">\n<p>En faisant du tri d&rsquo;archives dans le galetas peu \u00e9clair\u00e9 d\u2019une commune neuch\u00e2teloise, nos archivistes ont rencontr\u00e9 une ancienne biblioth\u00e8que scolaire empoussi\u00e9r\u00e9e qui, apr\u00e8s analyse par Michel Schlup, ancien directeur de la Biblioth\u00e8que publique et universitaire de Neuch\u00e2tel et sp\u00e9cialiste des livres anciens, s&rsquo;est av\u00e9r\u00e9e comprendre des documents remarquables et pr\u00e9cieux qu\u2019il faut \u00e0 tout prix pr\u00e9server.<\/p>\n\n\t\t<style type=\"text\/css\">\n\t\t\t#gallery-1 {\n\t\t\t\tmargin: auto;\n\t\t\t}\n\t\t\t#gallery-1 .gallery-item {\n\t\t\t\tfloat: left;\n\t\t\t\tmargin-top: 10px;\n\t\t\t\ttext-align: center;\n\t\t\t\twidth: 50%;\n\t\t\t}\n\t\t\t#gallery-1 img {\n\t\t\t\tborder: 2px solid #cfcfcf;\n\t\t\t}\n\t\t\t#gallery-1 .gallery-caption {\n\t\t\t\tmargin-left: 0;\n\t\t\t}\n\t\t\t\/* see gallery_shortcode() in wp-includes\/media.php *\/\n\t\t<\/style>\n\t\t<div id='gallery-1' class='gallery galleryid-1136 gallery-columns-2 gallery-size-medium'><dl class='gallery-item'>\n\t\t\t<dt class='gallery-icon landscape'>\n\t\t\t\t<a href='https:\/\/www.siar.ch\/?attachment_id=1148'><img loading=\"lazy\" decoding=\"async\" width=\"300\" height=\"135\" src=\"https:\/\/www.siar.ch\/wp-content\/uploads\/2023\/12\/Img_BibliothequeScolaire_20230913_093459-300x135.jpg\" class=\"attachment-medium size-medium\" alt=\"\" aria-describedby=\"gallery-1-1148\" srcset=\"https:\/\/www.siar.ch\/wp-content\/uploads\/2023\/12\/Img_BibliothequeScolaire_20230913_093459-300x135.jpg 300w, https:\/\/www.siar.ch\/wp-content\/uploads\/2023\/12\/Img_BibliothequeScolaire_20230913_093459-768x346.jpg 768w, https:\/\/www.siar.ch\/wp-content\/uploads\/2023\/12\/Img_BibliothequeScolaire_20230913_093459-624x281.jpg 624w, https:\/\/www.siar.ch\/wp-content\/uploads\/2023\/12\/Img_BibliothequeScolaire_20230913_093459.jpg 800w\" sizes=\"auto, (max-width: 300px) 100vw, 300px\" \/><\/a>\n\t\t\t<\/dt>\n\t\t\t\t<dd class='wp-caption-text gallery-caption' id='gallery-1-1148'>\n\t\t\t\tUne biblioth\u00e8que scolaire oubli\u00e9e (photo : Michel Schlup)\n\t\t\t\t<\/dd><\/dl><dl class='gallery-item'>\n\t\t\t<dt class='gallery-icon portrait'>\n\t\t\t\t<a href='https:\/\/www.siar.ch\/?attachment_id=1149'><img loading=\"lazy\" decoding=\"async\" width=\"184\" height=\"300\" src=\"https:\/\/www.siar.ch\/wp-content\/uploads\/2023\/12\/Img_BibliothequeScolaire_20231026_143852-184x300.jpg\" class=\"attachment-medium size-medium\" alt=\"\" aria-describedby=\"gallery-1-1149\" srcset=\"https:\/\/www.siar.ch\/wp-content\/uploads\/2023\/12\/Img_BibliothequeScolaire_20231026_143852-184x300.jpg 184w, https:\/\/www.siar.ch\/wp-content\/uploads\/2023\/12\/Img_BibliothequeScolaire_20231026_143852.jpg 491w\" sizes=\"auto, (max-width: 184px) 100vw, 184px\" \/><\/a>\n\t\t\t<\/dt>\n\t\t\t\t<dd class='wp-caption-text gallery-caption' id='gallery-1-1149'>\n\t\t\t\tDes livres rares et pr\u00e9cieux (photo : Michel Schlup)\n\t\t\t\t<\/dd><\/dl><br style=\"clear: both\" \/>\n\t\t<\/div>\n\n<p>Parmi ces ouvrages, des copies voire des originaux magnifiquement conserv\u00e9s des\u00a0<em>Annales historiques du Comt\u00e9 de Neuch\u00e2tel et Valangin depuis Jules-C\u00e9sar jusqu&rsquo;en 1722<\/em> du pasteur <a href=\"https:\/\/hls-dhs-dss.ch\/fr\/articles\/043610\/2003-02-05\/\" target=\"_blank\" rel=\"noopener\">Jonas Boyve<\/a> ou encore des <em>Ch\u00e2teaux neuch\u00e2telois<\/em> du <a href=\"https:\/\/hls-dhs-dss.ch\/fr\/articles\/026007\/2005-06-08\/\" target=\"_blank\" rel=\"noopener\">maire Huguenin<\/a>, mais aussi des imprim\u00e9s de grand int\u00e9r\u00eat patrimonial, tels que l\u2019ouvrage posthume de l&rsquo;arch\u00e9ologue <a href=\"https:\/\/hls-dhs-dss.ch\/fr\/articles\/031450\/2006-02-14\/\" target=\"_blank\" rel=\"noopener\">Fr\u00e9d\u00e9ric DuBois de Montperreux<\/a> &#8211; les <em>Antiquit\u00e9s [ou Monuments] de Neuch\u00e2tel<\/em> (1852) &#8211; illustr\u00e9 de belles gravures en taille-douce, ou encore les <em>Feuilles d\u2019hygi\u00e8ne<\/em>, rare et pr\u00e9cieux p\u00e9riodique r\u00e9alis\u00e9 par le docteur <a href=\"https:\/\/hls-dhs-dss.ch\/fr\/articles\/014395\/2008-03-13\/\" target=\"_blank\" rel=\"noopener\">Louis Guillaume<\/a> d\u00e8s 1874, sans oublier des livres fran\u00e7ais du 19e si\u00e8cle, illustr\u00e9s de bois debout, etc.<\/p>\n<p>C&rsquo;est \u00e0 pr\u00e9sent aux autorit\u00e9s communales de se d\u00e9terminer sur le sort de ces ouvrages rares et pr\u00e9cieux qui, s&rsquo;ils ne sont pas des archives communales au sens strict (selon le principe de provenance cher aux archivistes), nous interrogent n\u00e9anmoins sur l&rsquo;archivage du catalogue de ladite biblioth\u00e8que (sous forme de registres ou sur fiches ?) que nous n&rsquo;avons \u00e0 ce jour pas retrouv\u00e9.<\/p>\n<\/div><\/div>\n","protected":false},"excerpt":{"rendered":"<p>En faisant du tri d&rsquo;archives dans le galetas peu \u00e9clair\u00e9 d\u2019une commune neuch\u00e2teloise, nos archivistes ont rencontr\u00e9 une ancienne biblioth\u00e8que scolaire empoussi\u00e9r\u00e9e qui, apr\u00e8s analyse par Michel Schlup, ancien directeur de la Biblioth\u00e8que publique et universitaire de Neuch\u00e2tel et sp\u00e9cialiste des livres anciens, s&rsquo;est av\u00e9r\u00e9e comprendre des documents remarquables et pr\u00e9cieux qu\u2019il faut \u00e0 tout [&hellip;]<\/p>\n","protected":false},"author":7,"featured_media":0,"comment_status":"closed","ping_status":"closed","sticky":false,"template":"","format":"standard","meta":{"_jetpack_newsletter_access":"","_jetpack_dont_email_post_to_subs":false,"_jetpack_newsletter_tier_id":0,"_jetpack_memberships_contains_paywalled_content":false,"_jetpack_memberships_contains_paid_content":false,"footnotes":""},"categories":[21,15],"tags":[],"class_list":["post-1136","post","type-post","status-publish","format-standard","hentry","category-fonds-prives","category-valorisation"],"jetpack_featured_media_url":"","jetpack_sharing_enabled":true,"jetpack_shortlink":"https:\/\/wp.me\/pfBqfE-ik","_links":{"self":[{"href":"https:\/\/www.siar.ch\/index.php?rest_route=\/wp\/v2\/posts\/1136","targetHints":{"allow":["GET"]}}],"collection":[{"href":"https:\/\/www.siar.ch\/index.php?rest_route=\/wp\/v2\/posts"}],"about":[{"href":"https:\/\/www.siar.ch\/index.php?rest_route=\/wp\/v2\/types\/post"}],"author":[{"embeddable":true,"href":"https:\/\/www.siar.ch\/index.php?rest_route=\/wp\/v2\/users\/7"}],"replies":[{"embeddable":true,"href":"https:\/\/www.siar.ch\/index.php?rest_route=%2Fwp%2Fv2%2Fcomments&post=1136"}],"version-history":[{"count":8,"href":"https:\/\/www.siar.ch\/index.php?rest_route=\/wp\/v2\/posts\/1136\/revisions"}],"predecessor-version":[{"id":1154,"href":"https:\/\/www.siar.ch\/index.php?rest_route=\/wp\/v2\/posts\/1136\/revisions\/1154"}],"wp:attachment":[{"href":"https:\/\/www.siar.ch\/index.php?rest_route=%2Fwp%2Fv2%2Fmedia&parent=1136"}],"wp:term":[{"taxonomy":"category","embeddable":true,"href":"https:\/\/www.siar.ch\/index.php?rest_route=%2Fwp%2Fv2%2Fcategories&post=1136"},{"taxonomy":"post_tag","embeddable":true,"href":"https:\/\/www.siar.ch\/index.php?rest_route=%2Fwp%2Fv2%2Ftags&post=1136"}],"curies":[{"name":"wp","href":"https:\/\/api.w.org\/{rel}","templated":true}]}}