{"id":1161,"date":"2024-01-23T15:22:59","date_gmt":"2024-01-23T14:22:59","guid":{"rendered":"https:\/\/www.siar.ch\/?p=1161"},"modified":"2024-01-23T15:30:38","modified_gmt":"2024-01-23T14:30:38","slug":"150-ans-de-fusion-de-communes-neuchateloises","status":"publish","type":"post","link":"https:\/\/www.siar.ch\/?p=1161","title":{"rendered":"150 ans de fusion de communes neuch\u00e2teloises"},"content":{"rendered":"\n<p>\u00abElles \u00e9taient 73 en 1874, elles ne sont d\u00e9sormais plus que 27. Et m\u00eame 24 en 2025 apr\u00e8s la fusion Lat\u00e9na. Depuis 2009, les rapprochements entre communes neuch\u00e2teloises se sont acc\u00e9l\u00e9r\u00e9s. Mais le mouvement avait d\u00e9j\u00e0 commenc\u00e9 entre 1875 et 1888.\u00bb<\/p>\n<p>Tel est le chap\u00f4 et le contenu de l&rsquo;article tr\u00e8s fouill\u00e9 que Nicolas Willemin a consacr\u00e9 \u00e0 ce sujet dans <em>ArcInfo<\/em>\u00a0jeudi 18 janvier 2024 : <a href=\"https:\/\/www.arcinfo.ch\/neuchatel-canton\/il-y-a-150-ans-les-communes-neuchateloises-commencaient-a-fusionner-1356701\" target=\"_blank\" rel=\"noopener\">\u00abIl y a 150 ans, les communes neuch\u00e2teloises commen\u00e7aient \u00e0 fusionner\u00bb<\/a> (acc\u00e8s payant) et qui vient compl\u00e9ter avec profit la partie historique de l&rsquo;article Wikip\u00e9dia <a href=\"https:\/\/fr.wikipedia.org\/wiki\/Communes_du_canton_de_Neuch%C3%A2tel\" target=\"_blank\" rel=\"noopener\">\u00abCommunes du canton de Neuch\u00e2tel\u00bb<\/a>.<\/p>\n\n\n\n<div id=\"attachment_1171\" style=\"width: 310px\" class=\"wp-caption alignnone\"><a href=\"https:\/\/www.siar.ch\/wp-content\/uploads\/2024\/01\/bayard1.png\"><img loading=\"lazy\" decoding=\"async\" aria-describedby=\"caption-attachment-1171\" class=\"size-medium wp-image-1171\" src=\"https:\/\/www.siar.ch\/wp-content\/uploads\/2024\/01\/bayard1-300x225.png\" alt=\"Carte cadastrale\" width=\"300\" height=\"225\" srcset=\"https:\/\/www.siar.ch\/wp-content\/uploads\/2024\/01\/bayard1-300x225.png 300w, https:\/\/www.siar.ch\/wp-content\/uploads\/2024\/01\/bayard1-1024x768.png 1024w, https:\/\/www.siar.ch\/wp-content\/uploads\/2024\/01\/bayard1-768x576.png 768w, https:\/\/www.siar.ch\/wp-content\/uploads\/2024\/01\/bayard1-624x468.png 624w, https:\/\/www.siar.ch\/wp-content\/uploads\/2024\/01\/bayard1.png 1080w\" sizes=\"auto, (max-width: 300px) 100vw, 300px\" \/><\/a><p id=\"caption-attachment-1171\" class=\"wp-caption-text\">Avant 1888, Les Bayards se divisaient en deux communes distinctes, Le Grand et Le Petit-Bayard.<br \/>SITN &#8211; Plan de r\u00e9partition de folios cadastraux 1860-1890<\/p><\/div>\n\n\n\n<p>Parmi ces communes fusionn\u00e9es de plus en plus nombreuses, la plupart a confi\u00e9 la gestion de ses archives au Service intercommunal d&rsquo;archivage (SIAr) : Landeron-Combes, Saint-Blaise, La T\u00e8ne, Val-de-Travers, Milvignes, Val-de-Ruz, Rochefort, La Grande B\u00e9roche et Le Locle. Et trois des futures ex-communes qui composeront la future commune de Lat\u00e9na \u00e0 partir du 1er janvier 2025 sont actuellement membres du SIAr.<\/p>\n<p>Pour rappel, le <a href=\"https:\/\/www.ne.ch\/autorites\/DESC\/SCNE\/archives-etat\/Documents\/Communes_GuideArchivage.pdf\" target=\"_blank\" rel=\"noopener\">\u00abGuide d&rsquo;archivage pour les communes neuch\u00e2teloises\u00bb<\/a> donne quelques pistes toujours pertinentes quant \u00e0 l&rsquo;\u00abarchivage dans le cadre d&rsquo;une fusion de communes\u00bb (chapitre 8, pp. 46-48).<\/p>\n<p>Les publications sur l&rsquo;histoire des institutions communales sont encore suffisamment rares pour m\u00e9riter d&rsquo;\u00eatre relev\u00e9es, d&rsquo;autant quand elles concernent le canton de Neuch\u00e2tel.<\/p>\n<p>\u00c0 d\u00e9faut on pourra lire des publications concernant d&rsquo;autres cantons, notamment l&rsquo;ouvrage <a href=\"https:\/\/www.shcf.ch\/produit\/secretaire-communal-histoire-dun-metier\/\" target=\"_blank\" rel=\"noopener\">\u00abSecr\u00e9taire communal \u2013 Histoire d\u2019un m\u00e9tier\u00bb<\/a> (2023) par Anne de Steiger publi\u00e9 par la Soci\u00e9t\u00e9 d&rsquo;histoire du canton de Fribourg, un article d&rsquo;<em>arbido<\/em> sur <a href=\"https:\/\/arbido.ch\/fr\/edition-article\/2022\/auf-historischen-spuren\/la-multitude-des-archives-communales-en-suisse\" target=\"_blank\" rel=\"noopener\">\u00abLa multitude des archives communales en Suisse\u00bb<\/a> mentionnant notamment le SIAr (2022) ou, plus ancien, la compilation <a href=\"https:\/\/svha-vd.ch\/rhv-2013\/\" target=\"_blank\" rel=\"noopener\">\u00abCommunes et histoire locale\u00bb<\/a> (2013) dans la <em>Revue historique vaudoise<\/em>. En attendant une histoire de l&rsquo;intercommunalit\u00e9&#8230;<\/p>\n","protected":false},"excerpt":{"rendered":"<p>\u00abElles \u00e9taient 73 en 1874, elles ne sont d\u00e9sormais plus que 27. Et m\u00eame 24 en 2025 apr\u00e8s la fusion Lat\u00e9na. Depuis 2009, les rapprochements entre communes neuch\u00e2teloises se sont acc\u00e9l\u00e9r\u00e9s. Mais le mouvement avait d\u00e9j\u00e0 commenc\u00e9 entre 1875 et 1888.\u00bb Tel est le chap\u00f4 et le contenu de l&rsquo;article tr\u00e8s fouill\u00e9 que Nicolas Willemin [&hellip;]<\/p>\n","protected":false},"author":7,"featured_media":0,"comment_status":"closed","ping_status":"closed","sticky":false,"template":"","format":"standard","meta":{"_jetpack_newsletter_access":"","_jetpack_dont_email_post_to_subs":false,"_jetpack_newsletter_tier_id":0,"_jetpack_memberships_contains_paywalled_content":false,"_jetpack_memberships_contains_paid_content":false,"footnotes":""},"categories":[32],"tags":[],"class_list":["post-1161","post","type-post","status-publish","format-standard","hentry","category-fusion"],"jetpack_featured_media_url":"","jetpack_sharing_enabled":true,"jetpack_shortlink":"https:\/\/wp.me\/pfBqfE-iJ","_links":{"self":[{"href":"https:\/\/www.siar.ch\/index.php?rest_route=\/wp\/v2\/posts\/1161","targetHints":{"allow":["GET"]}}],"collection":[{"href":"https:\/\/www.siar.ch\/index.php?rest_route=\/wp\/v2\/posts"}],"about":[{"href":"https:\/\/www.siar.ch\/index.php?rest_route=\/wp\/v2\/types\/post"}],"author":[{"embeddable":true,"href":"https:\/\/www.siar.ch\/index.php?rest_route=\/wp\/v2\/users\/7"}],"replies":[{"embeddable":true,"href":"https:\/\/www.siar.ch\/index.php?rest_route=%2Fwp%2Fv2%2Fcomments&post=1161"}],"version-history":[{"count":11,"href":"https:\/\/www.siar.ch\/index.php?rest_route=\/wp\/v2\/posts\/1161\/revisions"}],"predecessor-version":[{"id":1173,"href":"https:\/\/www.siar.ch\/index.php?rest_route=\/wp\/v2\/posts\/1161\/revisions\/1173"}],"wp:attachment":[{"href":"https:\/\/www.siar.ch\/index.php?rest_route=%2Fwp%2Fv2%2Fmedia&parent=1161"}],"wp:term":[{"taxonomy":"category","embeddable":true,"href":"https:\/\/www.siar.ch\/index.php?rest_route=%2Fwp%2Fv2%2Fcategories&post=1161"},{"taxonomy":"post_tag","embeddable":true,"href":"https:\/\/www.siar.ch\/index.php?rest_route=%2Fwp%2Fv2%2Ftags&post=1161"}],"curies":[{"name":"wp","href":"https:\/\/api.w.org\/{rel}","templated":true}]}}