{"id":1284,"date":"2024-07-17T11:44:14","date_gmt":"2024-07-17T10:44:14","guid":{"rendered":"https:\/\/www.siar.ch\/?p=1284"},"modified":"2024-08-14T08:17:31","modified_gmt":"2024-08-14T07:17:31","slug":"constitution-dune-cellule-de-crise-neuchateloise-pour-les-archives","status":"publish","type":"post","link":"https:\/\/www.siar.ch\/?p=1284","title":{"rendered":"Constitution d\u2019une cellule de crise neuch\u00e2teloise pour les archives"},"content":{"rendered":"\n<p>Dans le cadre des t\u00e2ches qui lui incombent, les Archives de l\u2019\u00c9tat de Neuch\u00e2tel s\u2019att\u00e8lent \u00e0 la constitution d\u2019une cellule de crise PBC-Archives pour les diff\u00e9rentes institutions neuch\u00e2teloises. \u00c0 ce titre le Service intercommunal d\u2019archivage participe activement \u00e0 cette d\u00e9marche.<\/p>\n\n\n\n<p>Plusieurs conventions internationales fixent les principes de la protection des biens culturels, en particulier la <strong>Convention de La Haye du 14 mai 1954<\/strong> pour la PBC en cas de conflit arm\u00e9, mise en vigueur par l&rsquo;UNESCO, \u00e0 laquelle la Conf\u00e9d\u00e9ration suisse a adh\u00e9r\u00e9 en 1962.<\/p>\n\n\n\n<p>Comment cela est-il appliqu\u00e9 en Suisse ? La Section Protection des biens culturels de l&rsquo;Office f\u00e9d\u00e9ral de la protection de la population (OFPP) est charg\u00e9e de conseiller les autorit\u00e9s cantonales et tient un inventaire des biens culturels d\u2019importance nationale et r\u00e9gionale (<a href=\"https:\/\/www.babs.admin.ch\/fr\/linventaire-suisse-des-biens-culturels-dimportance-nationale-et-regionale\" target=\"_blank\" rel=\"noreferrer noopener\">Inventaire PBC<\/a>). Chaque canton ensuite d\u00e9signe une autorit\u00e9 comp\u00e9tente qui d\u00e9signe les biens culturels situ\u00e9s sur le territoire, \u00e9labore une documentation de s\u00e9curit\u00e9 et planifie des mesures d\u2019urgence \u00e0 prendre en cas de sinistre, enfin forme des sp\u00e9cialistes de la protection des biens culturels au sein de la protection civile. Quant aux communes, elles doivent fournir notamment des informations au canton sur les biens culturels \u00e0 prot\u00e9ger sur leur territoire et ex\u00e9cuter les mesures de protection pour les biens culturels qui sont leur propri\u00e9t\u00e9 ou qui leur sont confi\u00e9s.<\/p>\n\n\n\n<p>Depuis quelques ann\u00e9es, le canton de Neuch\u00e2tel a entrepris de r\u00e9former ses proc\u00e9dures en la mati\u00e8re et de mieux encadrer la protection des archives. \u00c0 cette fin, la <a href=\"https:\/\/www.archivesne.ch\/commission-cantonale-des-fonds-documentaires-1\" target=\"_blank\" rel=\"noreferrer noopener\">Commission cantonale des fonds documentaire (CCFD)<\/a> a initi\u00e9 un projet de constitution d&rsquo;un <a href=\"https:\/\/www.archivesne.ch\/commission-cantonale-des-fonds-documentaires\" target=\"_blank\" rel=\"noreferrer noopener\">r\u00e9seau PBC (protection des biens culturels)<\/a> visant \u00e0 r\u00e9unir les institutions en charge de fonds documentaires, de coordonner leurs efforts en mati\u00e8re de conservation pr\u00e9ventive et d&rsquo;intervention en cas de sinistre, et de d\u00e9gager des synergies dans ce domaines. Les Archives de l\u2019\u00c9tat ont organis\u00e9 des journ\u00e9es de formation en 2022 et 2024 pour les personnes responsables de collections patrimoniales du canton. \u00c0 la suite de ces formations, des r\u00e9flexions sont en cours pour mettre en place \u00e0 terme une cellule de crise form\u00e9e et mobilisable pour intervenir en cas de sinistre sur un site patrimonial, comme cela s&rsquo;est fait dans d&rsquo;autres cantons.<\/p>\n\n\n\n<p>Les archivistes du SIAr participent donc aux d\u00e9veloppements en cours afin de faire b\u00e9n\u00e9ficier ses membres de cette cellule de crise et de pouvoir r\u00e9pondre au mieux \u00e0 l\u2019avenir \u00e0 un sinistre touchant les archives.<\/p>\n\n\n<div class=\"wp-block-image\">\n<figure class=\"aligncenter size-large is-resized\"><img decoding=\"async\" src=\"https:\/\/upload.wikimedia.org\/wikipedia\/commons\/e\/e1\/The_Blue_Shield_logo.png\" alt=\"\" style=\"width:395px;height:auto\"\/><figcaption class=\"wp-element-caption\">Logo du <a href=\"https:\/\/www.ica.org\/fr\/decouvrez-ica\/notre-mission-nos-objectifs\/le-bouclier-bleu\/\">Bouclier bleu<\/a> servant \u00e0 identifier les biens culturels prot\u00e9g\u00e9s.<\/figcaption><\/figure>\n<\/div>","protected":false},"excerpt":{"rendered":"<p>Dans le cadre des t\u00e2ches qui lui incombent, les Archives de l\u2019\u00c9tat de Neuch\u00e2tel s\u2019att\u00e8lent \u00e0 la constitution d\u2019une cellule de crise PBC-Archives pour les diff\u00e9rentes institutions neuch\u00e2teloises. \u00c0 ce titre le Service intercommunal d\u2019archivage participe activement \u00e0 cette d\u00e9marche. Plusieurs conventions internationales fixent les principes de la protection des biens culturels, en particulier la [&hellip;]<\/p>\n","protected":false},"author":7,"featured_media":0,"comment_status":"closed","ping_status":"closed","sticky":false,"template":"","format":"standard","meta":{"_jetpack_newsletter_access":"","_jetpack_dont_email_post_to_subs":false,"_jetpack_newsletter_tier_id":0,"_jetpack_memberships_contains_paywalled_content":false,"_jetpack_memberships_contains_paid_content":false,"footnotes":""},"categories":[33],"tags":[],"class_list":["post-1284","post","type-post","status-publish","format-standard","hentry","category-sinistre"],"jetpack_featured_media_url":"","jetpack_sharing_enabled":true,"jetpack_shortlink":"https:\/\/wp.me\/pfBqfE-kI","_links":{"self":[{"href":"https:\/\/www.siar.ch\/index.php?rest_route=\/wp\/v2\/posts\/1284","targetHints":{"allow":["GET"]}}],"collection":[{"href":"https:\/\/www.siar.ch\/index.php?rest_route=\/wp\/v2\/posts"}],"about":[{"href":"https:\/\/www.siar.ch\/index.php?rest_route=\/wp\/v2\/types\/post"}],"author":[{"embeddable":true,"href":"https:\/\/www.siar.ch\/index.php?rest_route=\/wp\/v2\/users\/7"}],"replies":[{"embeddable":true,"href":"https:\/\/www.siar.ch\/index.php?rest_route=%2Fwp%2Fv2%2Fcomments&post=1284"}],"version-history":[{"count":5,"href":"https:\/\/www.siar.ch\/index.php?rest_route=\/wp\/v2\/posts\/1284\/revisions"}],"predecessor-version":[{"id":1295,"href":"https:\/\/www.siar.ch\/index.php?rest_route=\/wp\/v2\/posts\/1284\/revisions\/1295"}],"wp:attachment":[{"href":"https:\/\/www.siar.ch\/index.php?rest_route=%2Fwp%2Fv2%2Fmedia&parent=1284"}],"wp:term":[{"taxonomy":"category","embeddable":true,"href":"https:\/\/www.siar.ch\/index.php?rest_route=%2Fwp%2Fv2%2Fcategories&post=1284"},{"taxonomy":"post_tag","embeddable":true,"href":"https:\/\/www.siar.ch\/index.php?rest_route=%2Fwp%2Fv2%2Ftags&post=1284"}],"curies":[{"name":"wp","href":"https:\/\/api.w.org\/{rel}","templated":true}]}}