{"id":1310,"date":"2024-12-19T13:51:37","date_gmt":"2024-12-19T12:51:37","guid":{"rendered":"https:\/\/www.siar.ch\/?p=1310"},"modified":"2024-12-19T13:59:50","modified_gmt":"2024-12-19T12:59:50","slug":"archivage-electronique-des-documents-ecrits-et-audiovisuels-dans-les-petites-communes-et-les-archives-culturelles","status":"publish","type":"post","link":"https:\/\/www.siar.ch\/?p=1310","title":{"rendered":"Archivage \u00e9lectronique des documents \u00e9crits et audiovisuels dans les petites communes et les archives culturelles"},"content":{"rendered":"\n<p>Lors du <a href=\"https:\/\/vsa-aas.ch\/wp-content\/uploads\/2024\/02\/Zyklus_2024_Modul_6_Memoriav_Programm_D-F_def.pdf\" target=\"_blank\" rel=\"noreferrer noopener\">module 6 du cycle Pratique archivistique suisse 2024 de l&rsquo;Association des archivistes suisses<\/a> qui a eu lieu \u00e0 Berne le 11 d\u00e9cembre 2024, Gilliane Kern et Jan Krause-Bilvin ont pu partager leur exp\u00e9rience d&rsquo;archivage num\u00e9rique dans de petites et moyennes communes avec le mod\u00e8le mutualis\u00e9 du Service intercommunal d\u2019archivage (SIAr) dans le canton de Neuch\u00e2tel (dont les communes ont une population entre entre 250 et 18&rsquo;000 habitant\u00b7e\u00b7s par commune).<\/p>\n\n\n\n\n\t\t<style type=\"text\/css\">\n\t\t\t#gallery-1 {\n\t\t\t\tmargin: auto;\n\t\t\t}\n\t\t\t#gallery-1 .gallery-item {\n\t\t\t\tfloat: left;\n\t\t\t\tmargin-top: 10px;\n\t\t\t\ttext-align: center;\n\t\t\t\twidth: 33%;\n\t\t\t}\n\t\t\t#gallery-1 img {\n\t\t\t\tborder: 2px solid #cfcfcf;\n\t\t\t}\n\t\t\t#gallery-1 .gallery-caption {\n\t\t\t\tmargin-left: 0;\n\t\t\t}\n\t\t\t\/* see gallery_shortcode() in wp-includes\/media.php *\/\n\t\t<\/style>\n\t\t<div id='gallery-1' class='gallery galleryid-1310 gallery-columns-3 gallery-size-thumbnail'><dl class='gallery-item'>\n\t\t\t<dt class='gallery-icon landscape'>\n\t\t\t\t<a href='https:\/\/www.siar.ch\/?attachment_id=1312'><img loading=\"lazy\" decoding=\"async\" width=\"150\" height=\"150\" src=\"https:\/\/www.siar.ch\/wp-content\/uploads\/2024\/12\/IMG_Pres_Ke_20241211_Ke-150x150.jpg\" class=\"attachment-thumbnail size-thumbnail\" alt=\"\" aria-describedby=\"gallery-1-1312\" \/><\/a>\n\t\t\t<\/dt>\n\t\t\t\t<dd class='wp-caption-text gallery-caption' id='gallery-1-1312'>\n\t\t\t\tPr\u00e9sentation sur le SIAr\n\t\t\t\t<\/dd><\/dl><dl class='gallery-item'>\n\t\t\t<dt class='gallery-icon landscape'>\n\t\t\t\t<a href='https:\/\/www.siar.ch\/?attachment_id=1313'><img loading=\"lazy\" decoding=\"async\" width=\"150\" height=\"150\" src=\"https:\/\/www.siar.ch\/wp-content\/uploads\/2024\/12\/IMG_DemoPacker_20241211_Ke-150x150.jpg\" class=\"attachment-thumbnail size-thumbnail\" alt=\"\" aria-describedby=\"gallery-1-1313\" \/><\/a>\n\t\t\t<\/dt>\n\t\t\t\t<dd class='wp-caption-text gallery-caption' id='gallery-1-1313'>\n\t\t\t\tD\u00e9mo avec docuteam packer\n\t\t\t\t<\/dd><\/dl><dl class='gallery-item'>\n\t\t\t<dt class='gallery-icon landscape'>\n\t\t\t\t<a href='https:\/\/www.siar.ch\/?attachment_id=1314'><img loading=\"lazy\" decoding=\"async\" width=\"150\" height=\"150\" src=\"https:\/\/www.siar.ch\/wp-content\/uploads\/2024\/12\/IMG_AtelierIngest_20241211_Ke-150x150.jpg\" class=\"attachment-thumbnail size-thumbnail\" alt=\"\" aria-describedby=\"gallery-1-1314\" \/><\/a>\n\t\t\t<\/dt>\n\t\t\t\t<dd class='wp-caption-text gallery-caption' id='gallery-1-1314'>\n\t\t\t\tAtelier avec docuteam feeder\n\t\t\t\t<\/dd><\/dl><br style=\"clear: both\" \/>\n\t\t<\/div>\n\n\n\n\n<p>Lors de cette <a href=\"https:\/\/memoriav.ch\/de\/digitale-archivierung-von-schriftgut-bildern-und-toenen-in-kleinen-gemeinden-und-kulturarchivenarchivpraxis_schweiz\/\" target=\"_blank\" rel=\"noreferrer noopener\">journ\u00e9e organis\u00e9e par Memoriav<\/a>, nous avons montr\u00e9 \u00e0 une vingtaine de participantes comment faire des paquets d&rsquo;archives audiovisuelles num\u00e9riques avec l&rsquo;outil open source docuteam packer (<a href=\"https:\/\/docs.docuteam.ch\/fr\/packer\/\" target=\"_blank\" rel=\"noopener\">lien vers documentation<\/a>), puis comment faire des versements num\u00e9riques (ou \u00abingest\u00bb dans le jargon) avec l&rsquo;ordonnanceur docuteam feeder (<a href=\"https:\/\/docs.docuteam.ch\/fr\/feeder\/\" target=\"_blank\" rel=\"noopener\">lien vers documentation<\/a>), et enfin comment consulter ces objets num\u00e9riques archiv\u00e9s. La plateforme d&rsquo;archivage num\u00e9rique du SIAr, en fonction depuis 2020, sert \u00e0 pr\u00e9server une multitude de productions num\u00e9riques (photographies n\u00e9es num\u00e9riques ou num\u00e9ris\u00e9es, exports d&rsquo;applications comptables, vid\u00e9os num\u00e9ris\u00e9es ou n\u00e9es num\u00e9riques), mais en petites quantit\u00e9s pour le moment, car les syst\u00e8mes de gestion \u00e9lectronique des documents en activit\u00e9 dans les communes neuch\u00e2teloises ne nous ont pas encore livr\u00e9s leur dossiers.<\/p>\n\n\n\n<p style=\"text-align: center;\"><a href=\"https:\/\/www.siar.ch\/wp-content\/uploads\/2024\/12\/IMG_Pres_20241211_Ke.jpg\"><img loading=\"lazy\" decoding=\"async\" class=\"aligncenter wp-image-1317 size-full\" src=\"https:\/\/www.siar.ch\/wp-content\/uploads\/2024\/12\/IMG_Pres_20241211_Ke.jpg\" alt=\"\" width=\"800\" height=\"450\" srcset=\"https:\/\/www.siar.ch\/wp-content\/uploads\/2024\/12\/IMG_Pres_20241211_Ke.jpg 800w, https:\/\/www.siar.ch\/wp-content\/uploads\/2024\/12\/IMG_Pres_20241211_Ke-300x169.jpg 300w, https:\/\/www.siar.ch\/wp-content\/uploads\/2024\/12\/IMG_Pres_20241211_Ke-768x432.jpg 768w, https:\/\/www.siar.ch\/wp-content\/uploads\/2024\/12\/IMG_Pres_20241211_Ke-624x351.jpg 624w\" sizes=\"auto, (max-width: 800px) 100vw, 800px\" \/><\/a><a href=\"https:\/\/www.siar.ch\/wp-content\/uploads\/2024\/12\/Pres_SIAr-NE_20241219-4_Ke.pdf\" target=\"_blank\" rel=\"noopener\"><em>Cliquer pour acc\u00e9der \u00e0 la pr\u00e9sentation<\/em><\/a><\/p>\n\n\n\n<p>Les autres exemples \u00e9voqu\u00e9s lors de cette journ\u00e9e par les autres conf\u00e9renciers ont \u00e9t\u00e9 celui des Archives d&rsquo;\u00c9tat de Saint-Gall qui songent \u00e0 fournir les communes avec des outils d\u00e9velopp\u00e9s par le canton, une association thurgovienne de communes politiques, bourgeoises et scolaires qui met \u00e0 disposition de ses membres une plateforme pour l&rsquo;archivage num\u00e9rique et les recommandations de Memoriav pour l&rsquo;archivage de documents audiovisuels et num\u00e9riques par des particuliers (<a href=\"https:\/\/memoriav.ch\/fr\/guide-numerique\/\" target=\"_blank\" rel=\"noreferrer noopener\">lien vers le petit guide Memoriav<\/a>).<\/p>\n\n\n\n<p>Il ressort de cette journ\u00e9e que le SIAr est le mod\u00e8le qui semble le plus avanc\u00e9 en mati\u00e8re de mutualisation pour l&rsquo;archivage de ses membres et que les petites et moyennes institutions, quelles qu&rsquo;elles soient, ont meilleur temps de se regrouper pour partager des outils pour l&rsquo;archivage ainsi que les co\u00fbts.<\/p>\n","protected":false},"excerpt":{"rendered":"<p>Lors du module 6 du cycle Pratique archivistique suisse 2024 de l&rsquo;Association des archivistes suisses qui a eu lieu \u00e0 Berne le 11 d\u00e9cembre 2024, Gilliane Kern et Jan Krause-Bilvin ont pu partager leur exp\u00e9rience d&rsquo;archivage num\u00e9rique dans de petites et moyennes communes avec le mod\u00e8le mutualis\u00e9 du Service intercommunal d\u2019archivage (SIAr) dans le canton [&hellip;]<\/p>\n","protected":false},"author":7,"featured_media":0,"comment_status":"closed","ping_status":"closed","sticky":false,"template":"","format":"standard","meta":{"_jetpack_newsletter_access":"","_jetpack_dont_email_post_to_subs":false,"_jetpack_newsletter_tier_id":0,"_jetpack_memberships_contains_paywalled_content":false,"_jetpack_memberships_contains_paid_content":false,"footnotes":""},"categories":[14,20,16,15],"tags":[],"class_list":["post-1310","post","type-post","status-publish","format-standard","hentry","category-archivage-definitif","category-communication","category-archivage-electronique","category-valorisation"],"jetpack_featured_media_url":"","jetpack_sharing_enabled":true,"jetpack_shortlink":"https:\/\/wp.me\/pfBqfE-l8","_links":{"self":[{"href":"https:\/\/www.siar.ch\/index.php?rest_route=\/wp\/v2\/posts\/1310","targetHints":{"allow":["GET"]}}],"collection":[{"href":"https:\/\/www.siar.ch\/index.php?rest_route=\/wp\/v2\/posts"}],"about":[{"href":"https:\/\/www.siar.ch\/index.php?rest_route=\/wp\/v2\/types\/post"}],"author":[{"embeddable":true,"href":"https:\/\/www.siar.ch\/index.php?rest_route=\/wp\/v2\/users\/7"}],"replies":[{"embeddable":true,"href":"https:\/\/www.siar.ch\/index.php?rest_route=%2Fwp%2Fv2%2Fcomments&post=1310"}],"version-history":[{"count":9,"href":"https:\/\/www.siar.ch\/index.php?rest_route=\/wp\/v2\/posts\/1310\/revisions"}],"predecessor-version":[{"id":1325,"href":"https:\/\/www.siar.ch\/index.php?rest_route=\/wp\/v2\/posts\/1310\/revisions\/1325"}],"wp:attachment":[{"href":"https:\/\/www.siar.ch\/index.php?rest_route=%2Fwp%2Fv2%2Fmedia&parent=1310"}],"wp:term":[{"taxonomy":"category","embeddable":true,"href":"https:\/\/www.siar.ch\/index.php?rest_route=%2Fwp%2Fv2%2Fcategories&post=1310"},{"taxonomy":"post_tag","embeddable":true,"href":"https:\/\/www.siar.ch\/index.php?rest_route=%2Fwp%2Fv2%2Ftags&post=1310"}],"curies":[{"name":"wp","href":"https:\/\/api.w.org\/{rel}","templated":true}]}}