{"id":1381,"date":"2025-08-05T15:24:57","date_gmt":"2025-08-05T14:24:57","guid":{"rendered":"https:\/\/www.siar.ch\/?p=1381"},"modified":"2025-08-05T19:31:28","modified_gmt":"2025-08-05T18:31:28","slug":"le-mystere-des-basses-de-musette-et-du-sieur-jeanneret","status":"publish","type":"post","link":"https:\/\/www.siar.ch\/?p=1381","title":{"rendered":"Le myst\u00e8re des basses de musette et du Sieur Jeanneret"},"content":{"rendered":"\n<p>Qui est le \u00absieur Jeanneret ri\u00e8re Le Locle\u00bb au 18e si\u00e8cle?<\/p>\n\n\n\n<p>Derri\u00e8re cet appellation se cache un \u00e9nigmatique facteur d&rsquo;instruments de musique qui a travaill\u00e9 \u00e0 La Chaux-du-Milieu au moins entre 1764 et 1784. Les instruments fabriqu\u00e9s, de la famille des hautbois (\u00abhautbois d\u2019\u00e9glise\u00bb, \u00abbasses de musette\u00bb), sont sign\u00e9s avec l&rsquo;estampille \u00abI I R\u00bb et \u00e9taient recherch\u00e9s loin \u00e0 la ronde au 18e si\u00e8cle. Ainsi, la pr\u00e9sence de cet artisan originaire des Montagnes neuch\u00e2teloises suscite des d\u00e9bats musicologiques depuis de nombreuses ann\u00e9es.<\/p>\n\n\n\n<p>Pour tenter d&rsquo;identifier ce \u00absieur Jeanneret\u00bb ou ces \u00abfr\u00e8res Jeanneret\u00bb, la musicologue Ir\u00e8ne Minder-Jeanneret a consult\u00e9 r\u00e9cemment diff\u00e9rentes archives neuch\u00e2teloises, dont celle de la Ville du Locle. Au final, apr\u00e8s avoir \u00e9pluch\u00e9 pas mal de registres et de plans o\u00f9 les indications de m\u00e9tier sont tr\u00e8s rares, ce facteur de hautbois demeure toujours aussi discret.<\/p>\n\n\n\n\n\t\t<style type=\"text\/css\">\n\t\t\t#gallery-1 {\n\t\t\t\tmargin: auto;\n\t\t\t}\n\t\t\t#gallery-1 .gallery-item {\n\t\t\t\tfloat: left;\n\t\t\t\tmargin-top: 10px;\n\t\t\t\ttext-align: center;\n\t\t\t\twidth: 33%;\n\t\t\t}\n\t\t\t#gallery-1 img {\n\t\t\t\tborder: 2px solid #cfcfcf;\n\t\t\t}\n\t\t\t#gallery-1 .gallery-caption {\n\t\t\t\tmargin-left: 0;\n\t\t\t}\n\t\t\t\/* see gallery_shortcode() in wp-includes\/media.php *\/\n\t\t<\/style>\n\t\t<div id='gallery-1' class='gallery galleryid-1381 gallery-columns-3 gallery-size-thumbnail'><dl class='gallery-item'>\n\t\t\t<dt class='gallery-icon landscape'>\n\t\t\t\t<a href='https:\/\/www.siar.ch\/?attachment_id=1386'><img loading=\"lazy\" decoding=\"async\" width=\"150\" height=\"150\" src=\"https:\/\/www.siar.ch\/wp-content\/uploads\/2025\/08\/Archivage_RechercheArchives_IMG_20240625_144611_NEW-150x150.jpg\" class=\"attachment-thumbnail size-thumbnail\" alt=\"Photographie en couleurs d&#039;un ordinateur pos\u00e9 sur une table et d&#039;un \u00eatre humain qui consulte de gros registres d&#039;archives\" aria-describedby=\"gallery-1-1386\" \/><\/a>\n\t\t\t<\/dt>\n\t\t\t\t<dd class='wp-caption-text gallery-caption' id='gallery-1-1386'>\n\t\t\t\t\u00c0 la recherche de l&rsquo;\u00e9nigmatique sieur Jeanneret dans les Archives de la Ville du Locle\n\t\t\t\t<\/dd><\/dl><dl class='gallery-item'>\n\t\t\t<dt class='gallery-icon portrait'>\n\t\t\t\t<a href='https:\/\/www.siar.ch\/?attachment_id=1387'><img loading=\"lazy\" decoding=\"async\" width=\"150\" height=\"150\" src=\"https:\/\/www.siar.ch\/wp-content\/uploads\/2025\/08\/Archivage_RechercheArchives_IMG_20240625_170348-150x150.jpg\" class=\"attachment-thumbnail size-thumbnail\" alt=\"Photographie en couleurs de gros registres d&#039;archives pos\u00e9s sur une table\" aria-describedby=\"gallery-1-1387\" \/><\/a>\n\t\t\t<\/dt>\n\t\t\t\t<dd class='wp-caption-text gallery-caption' id='gallery-1-1387'>\n\t\t\t\tPlusieurs registres d&rsquo;archives du 18e si\u00e8cle\n\t\t\t\t<\/dd><\/dl><dl class='gallery-item'>\n\t\t\t<dt class='gallery-icon portrait'>\n\t\t\t\t<a href='https:\/\/www.siar.ch\/?attachment_id=1389'><img loading=\"lazy\" decoding=\"async\" width=\"150\" height=\"150\" src=\"https:\/\/www.siar.ch\/wp-content\/uploads\/2025\/08\/2025_NRN_ChauxDeMilieu_20250708082216_00005-150x150.jpg\" class=\"attachment-thumbnail size-thumbnail\" alt=\"Page d&#039;un livre avec une photographie d&#039;un ancien hautbois et d&#039;une estampille\" aria-describedby=\"gallery-1-1389\" \/><\/a>\n\t\t\t<\/dt>\n\t\t\t\t<dd class='wp-caption-text gallery-caption' id='gallery-1-1389'>\n\t\t\t\tR\u00e9sultat des recherches dans la publication sur La Chaux-du-Milieu (NRN 2025, p. 157)\n\t\t\t\t<\/dd><\/dl><br style=\"clear: both\" \/>\n\t\t<\/div>\n\n\n\n\n<p>Les diff\u00e9rentes hypoth\u00e8ses sur les fabricants de ces instruments de musique sont \u00e0 d\u00e9couvrir dans l&rsquo;article \u00abLa musique \u00e0 La Chaux-du-Milieu\u00bb (plus particuli\u00e8rement pp. 157-158) paru dans le num\u00e9ro 165-166 de la <em>Nouvelle revue neuch\u00e2teloise<\/em> consacr\u00e9 \u00e0 <a href=\"https:\/\/www.revue-nrn.ch\/numeros\/detail\/165-la-chaux-du-milieu-1825-2025\" data-type=\"link\" data-id=\"https:\/\/www.revue-nrn.ch\/numeros\/detail\/165-la-chaux-du-milieu-1825-2025\" target=\"_blank\" rel=\"noreferrer noopener\">\u00abLa Chaux-du-Milieu (1825-2025): Un bicentenaire et plusieurs si\u00e8cles d\u2019histoire\u00bb<\/a> (printemps-\u00e9t\u00e9 2025).<\/p>\n\n\n\n<p>Au-del\u00e0 du myst\u00e8re Jeanneret, il n&rsquo;est pas toujours facile de rechercher des personnes dans les archives communales, car les inventaires d&rsquo;archives ne mentionnent g\u00e9n\u00e9ralement pas de noms propres. Dans les sources m\u00eames, les personnes ne sont g\u00e9n\u00e9ralement mentionn\u00e9es qu&rsquo;en regard de leur position dans la communaut\u00e9 ou par rapport \u00e0 l&rsquo;administration. Pour comprendre les informations qu&rsquo;on peut trouver (ou pas) dans les archives communales neuch\u00e2teloises, n&rsquo;h\u00e9sitez pas \u00e0 consulter notre petit <a href=\"https:\/\/www.siar.ch\/?page_id=266\" data-type=\"link\" data-id=\"https:\/\/www.siar.ch\/?page_id=266\">guide de recherche<\/a>.<\/p>\n\n\n","protected":false},"excerpt":{"rendered":"<p>Qui est le \u00absieur Jeanneret ri\u00e8re Le Locle\u00bb au 18e si\u00e8cle? Derri\u00e8re cet appellation se cache un \u00e9nigmatique facteur d&rsquo;instruments de musique qui a travaill\u00e9 \u00e0 La Chaux-du-Milieu au moins entre 1764 et 1784. Les instruments fabriqu\u00e9s, de la famille des hautbois (\u00abhautbois d\u2019\u00e9glise\u00bb, \u00abbasses de musette\u00bb), sont sign\u00e9s avec l&rsquo;estampille \u00abI I R\u00bb et [&hellip;]<\/p>\n","protected":false},"author":7,"featured_media":0,"comment_status":"closed","ping_status":"closed","sticky":false,"template":"","format":"standard","meta":{"_jetpack_newsletter_access":"","_jetpack_dont_email_post_to_subs":false,"_jetpack_newsletter_tier_id":0,"_jetpack_memberships_contains_paywalled_content":false,"_jetpack_memberships_contains_paid_content":false,"footnotes":""},"categories":[38,29,15],"tags":[],"class_list":["post-1381","post","type-post","status-publish","format-standard","hentry","category-le-locle","category-recherche","category-valorisation"],"jetpack_featured_media_url":"","jetpack_sharing_enabled":true,"jetpack_shortlink":"https:\/\/wp.me\/pfBqfE-mh","_links":{"self":[{"href":"https:\/\/www.siar.ch\/index.php?rest_route=\/wp\/v2\/posts\/1381","targetHints":{"allow":["GET"]}}],"collection":[{"href":"https:\/\/www.siar.ch\/index.php?rest_route=\/wp\/v2\/posts"}],"about":[{"href":"https:\/\/www.siar.ch\/index.php?rest_route=\/wp\/v2\/types\/post"}],"author":[{"embeddable":true,"href":"https:\/\/www.siar.ch\/index.php?rest_route=\/wp\/v2\/users\/7"}],"replies":[{"embeddable":true,"href":"https:\/\/www.siar.ch\/index.php?rest_route=%2Fwp%2Fv2%2Fcomments&post=1381"}],"version-history":[{"count":7,"href":"https:\/\/www.siar.ch\/index.php?rest_route=\/wp\/v2\/posts\/1381\/revisions"}],"predecessor-version":[{"id":1394,"href":"https:\/\/www.siar.ch\/index.php?rest_route=\/wp\/v2\/posts\/1381\/revisions\/1394"}],"wp:attachment":[{"href":"https:\/\/www.siar.ch\/index.php?rest_route=%2Fwp%2Fv2%2Fmedia&parent=1381"}],"wp:term":[{"taxonomy":"category","embeddable":true,"href":"https:\/\/www.siar.ch\/index.php?rest_route=%2Fwp%2Fv2%2Fcategories&post=1381"},{"taxonomy":"post_tag","embeddable":true,"href":"https:\/\/www.siar.ch\/index.php?rest_route=%2Fwp%2Fv2%2Ftags&post=1381"}],"curies":[{"name":"wp","href":"https:\/\/api.w.org\/{rel}","templated":true}]}}