{"id":1418,"date":"2025-12-15T14:40:36","date_gmt":"2025-12-15T13:40:36","guid":{"rendered":"https:\/\/www.siar.ch\/?p=1418"},"modified":"2025-12-15T14:44:07","modified_gmt":"2025-12-15T13:44:07","slug":"le-siar-accompagne-la-commune-de-latena","status":"publish","type":"post","link":"https:\/\/www.siar.ch\/?p=1418","title":{"rendered":"Le SIAr accompagne la Commune de Lat\u00e9na"},"content":{"rendered":"\n<p>Quand les communes fusionnent, leurs administrations ont d&rsquo;autant plus besoin d&rsquo;accompagnement pour la gestion de leurs archives et de leur production documentaire.<\/p>\n\n\n\n<p>C&rsquo;est le cas aussi pour la nouvelle <a href=\"https:\/\/commune-latena.ch\/\">Commune de Lat\u00e9na<\/a> \u00e0 l&rsquo;est du littoral neuch\u00e2telois, n\u00e9e au 1er janvier 2025 de la fusion de Enges, Hauterive, La T\u00e8ne (anciennement Marin-Epagnier et Thielle-Wavre) et Saint-Blaise (comprenant aussi les deux hameaux de Vo\u00ebns et du Maley).<\/p>\n\n\n\n<p>Comme trois des anciennes communes \u00e9taient membres de la Convention depuis plusieurs ann\u00e9es, c&rsquo;est tout naturellement que la nouvelle commune a poursuivi les travaux d&rsquo;archivage avec l&rsquo;\u00e9quipe du SIAr, en collaboration avec Sarah Staub qui est d&rsquo;un soutien constant et tr\u00e8s pr\u00e9cieux.<\/p>\n\n\n<div class=\"wp-block-image\">\n<figure class=\"aligncenter size-large\"><img decoding=\"async\" src=\"https:\/\/www.watson.ch\/imgdb\/53ab\/Qx,B,0,0,2000,1237,833,515,333,206\/7892394135822413\" alt=\"\"\/><figcaption class=\"wp-element-caption\">Armoiries de la commune fusionn\u00e9e Lat\u00e9na ainsi que les diff\u00e9rentes communes pr\u00e9c\u00e9dentes. Domaine public, via Wikimedia Commons.<\/figcaption><\/figure>\n<\/div>\n\n\n<p>Les premiers travaux ont consist\u00e9 \u00e0 pr\u00e9parer une structure de classement commune pour l&rsquo;utilisation d&rsquo;un syst\u00e8me de gestion \u00e9lectronique des documents (GED) partag\u00e9 pour la nouvelle administration. Dans un deuxi\u00e8me temps la Commune va essayer de rationaliser la gestion des diff\u00e9rents d\u00e9p\u00f4ts d&rsquo;archives pour am\u00e9liorer les conditions de conservation et de consultation des documents.<\/p>\n\n\n\n<p>Nous nous r\u00e9jouissons de poursuivre l&rsquo;aventure archivistique avec la nouvelle Commune.<\/p>\n","protected":false},"excerpt":{"rendered":"<p>Quand les communes fusionnent, leurs administrations ont d&rsquo;autant plus besoin d&rsquo;accompagnement pour la gestion de leurs archives et de leur production documentaire. C&rsquo;est le cas aussi pour la nouvelle Commune de Lat\u00e9na \u00e0 l&rsquo;est du littoral neuch\u00e2telois, n\u00e9e au 1er janvier 2025 de la fusion de Enges, Hauterive, La T\u00e8ne (anciennement Marin-Epagnier et Thielle-Wavre) et [&hellip;]<\/p>\n","protected":false},"author":12,"featured_media":0,"comment_status":"closed","ping_status":"closed","sticky":false,"template":"","format":"standard","meta":{"_jetpack_newsletter_access":"","_jetpack_dont_email_post_to_subs":false,"_jetpack_newsletter_tier_id":0,"_jetpack_memberships_contains_paywalled_content":false,"_jetpack_memberships_contains_paid_content":false,"footnotes":""},"categories":[48],"tags":[49,26,52,50,51],"class_list":["post-1418","post","type-post","status-publish","format-standard","hentry","category-latena","tag-enges","tag-fusion","tag-hauterive","tag-la-tene","tag-saint-blaise"],"jetpack_featured_media_url":"","jetpack_sharing_enabled":true,"jetpack_shortlink":"https:\/\/wp.me\/pfBqfE-mS","_links":{"self":[{"href":"https:\/\/www.siar.ch\/index.php?rest_route=\/wp\/v2\/posts\/1418","targetHints":{"allow":["GET"]}}],"collection":[{"href":"https:\/\/www.siar.ch\/index.php?rest_route=\/wp\/v2\/posts"}],"about":[{"href":"https:\/\/www.siar.ch\/index.php?rest_route=\/wp\/v2\/types\/post"}],"author":[{"embeddable":true,"href":"https:\/\/www.siar.ch\/index.php?rest_route=\/wp\/v2\/users\/12"}],"replies":[{"embeddable":true,"href":"https:\/\/www.siar.ch\/index.php?rest_route=%2Fwp%2Fv2%2Fcomments&post=1418"}],"version-history":[{"count":1,"href":"https:\/\/www.siar.ch\/index.php?rest_route=\/wp\/v2\/posts\/1418\/revisions"}],"predecessor-version":[{"id":1419,"href":"https:\/\/www.siar.ch\/index.php?rest_route=\/wp\/v2\/posts\/1418\/revisions\/1419"}],"wp:attachment":[{"href":"https:\/\/www.siar.ch\/index.php?rest_route=%2Fwp%2Fv2%2Fmedia&parent=1418"}],"wp:term":[{"taxonomy":"category","embeddable":true,"href":"https:\/\/www.siar.ch\/index.php?rest_route=%2Fwp%2Fv2%2Fcategories&post=1418"},{"taxonomy":"post_tag","embeddable":true,"href":"https:\/\/www.siar.ch\/index.php?rest_route=%2Fwp%2Fv2%2Ftags&post=1418"}],"curies":[{"name":"wp","href":"https:\/\/api.w.org\/{rel}","templated":true}]}}