{"id":293,"date":"2014-12-03T07:21:31","date_gmt":"2014-12-03T07:21:31","guid":{"rendered":"http:\/\/www.siar.ch\/?p=293"},"modified":"2018-06-11T09:28:39","modified_gmt":"2018-06-11T09:28:39","slug":"la-commune-de-la-cote-aux-fees-adhesion","status":"publish","type":"post","link":"https:\/\/www.siar.ch\/?p=293","title":{"rendered":"La Commune de La C\u00f4te-aux-F\u00e9es &#8211; Adh\u00e9sion"},"content":{"rendered":"<p>La <a title=\"site officiel\" href=\"http:\/\/www.lacote-aux-fees.ch\" target=\"_blank\">Commune de La C\u00f4te-aux-F\u00e9es<\/a> (468 habitants en 2013, District du Val-de-Travers) vient de rejoindre la Convention. Nous d\u00e9buterons nos travaux pour elle en 2015 par la mise \u00e0 niveau de ses archives d\u00e9finitives. Bienvenue \u00e0 elle !<\/p>\n","protected":false},"excerpt":{"rendered":"<p>La Commune de La C\u00f4te-aux-F\u00e9es (468 habitants en 2013, District du Val-de-Travers) vient de rejoindre la Convention. Nous d\u00e9buterons nos travaux pour elle en 2015 par la mise \u00e0 niveau de ses archives d\u00e9finitives. Bienvenue \u00e0 elle !<\/p>\n","protected":false},"author":2,"featured_media":0,"comment_status":"closed","ping_status":"closed","sticky":false,"template":"","format":"standard","meta":{"_jetpack_newsletter_access":"","_jetpack_dont_email_post_to_subs":false,"_jetpack_newsletter_tier_id":0,"_jetpack_memberships_contains_paywalled_content":false,"_jetpack_memberships_contains_paid_content":false,"footnotes":""},"categories":[14,24,3],"tags":[],"class_list":["post-293","post","type-post","status-publish","format-standard","hentry","category-archivage-definitif","category-la-cote-aux-fees","category-membres"],"jetpack_featured_media_url":"","jetpack_sharing_enabled":true,"jetpack_shortlink":"https:\/\/wp.me\/pfBqfE-4J","_links":{"self":[{"href":"https:\/\/www.siar.ch\/index.php?rest_route=\/wp\/v2\/posts\/293","targetHints":{"allow":["GET"]}}],"collection":[{"href":"https:\/\/www.siar.ch\/index.php?rest_route=\/wp\/v2\/posts"}],"about":[{"href":"https:\/\/www.siar.ch\/index.php?rest_route=\/wp\/v2\/types\/post"}],"author":[{"embeddable":true,"href":"https:\/\/www.siar.ch\/index.php?rest_route=\/wp\/v2\/users\/2"}],"replies":[{"embeddable":true,"href":"https:\/\/www.siar.ch\/index.php?rest_route=%2Fwp%2Fv2%2Fcomments&post=293"}],"version-history":[{"count":2,"href":"https:\/\/www.siar.ch\/index.php?rest_route=\/wp\/v2\/posts\/293\/revisions"}],"predecessor-version":[{"id":295,"href":"https:\/\/www.siar.ch\/index.php?rest_route=\/wp\/v2\/posts\/293\/revisions\/295"}],"wp:attachment":[{"href":"https:\/\/www.siar.ch\/index.php?rest_route=%2Fwp%2Fv2%2Fmedia&parent=293"}],"wp:term":[{"taxonomy":"category","embeddable":true,"href":"https:\/\/www.siar.ch\/index.php?rest_route=%2Fwp%2Fv2%2Fcategories&post=293"},{"taxonomy":"post_tag","embeddable":true,"href":"https:\/\/www.siar.ch\/index.php?rest_route=%2Fwp%2Fv2%2Ftags&post=293"}],"curies":[{"name":"wp","href":"https:\/\/api.w.org\/{rel}","templated":true}]}}