{"id":325,"date":"2015-07-06T11:51:55","date_gmt":"2015-07-06T11:51:55","guid":{"rendered":"http:\/\/www.siar.ch\/?p=325"},"modified":"2015-07-06T11:51:55","modified_gmt":"2015-07-06T11:51:55","slug":"quest-ce-que-le-rotoialon","status":"publish","type":"post","link":"https:\/\/www.siar.ch\/?p=325","title":{"rendered":"Qu&rsquo;est-ce que le *Rot\u00f3ialon?"},"content":{"rendered":"<p>Selon les chercheurs \u00c9ric Siegrist et Wulf M\u00fcller, l&rsquo;\u00e9tymon \u00e0 l&rsquo;origine du <em>Ruz<\/em> de notre Val-de-Ruz serait <em>*Rot\u00f3ialon<\/em>, nom primitif reconstruit d&rsquo;un habitat pr\u00e9romain \u00e0 la lisi\u00e8re est de Coffrane. Mais que signifie ce nom ? Si l&rsquo;onomastique vous int\u00e9resse et que vous souhaitez d\u00e9couvrir l&rsquo;histoire de ce toponyme, la<a title=\"RHN\" href=\"http:\/\/www.histoirene.ch\/rhn\/\" target=\"_blank\"><em> Revue historique neuch\u00e2teloise<\/em><\/a>, dans son <a title=\"RHN 2015-1\" href=\"http:\/\/www.histoirene.ch\/rhn\/numeros\/2015\/166\" target=\"_blank\">premier cahier 2015<\/a>, publie un article de \u00c9ric Siegrist sur ce sujet : <strong>\u00ab Le nom de <em>*Rot\u00f3ialon<\/em>, \u00e0 l&rsquo;origine de Ruz : essai d&rsquo;\u00e9tymologie compar\u00e9e et au vu de l&rsquo;hydrographie ancienne du glacis de Coffrane \u00bb<\/strong>.<br \/>\nCette analyse vient compl\u00e9ter celle qu&rsquo;il avait donn\u00e9e dans la <a title=\"RHN 2009\" href=\"http:\/\/www.histoirene.ch\/rhn\/numeros\/2009\/7\" target=\"_blank\">m\u00eame revue en 2009<\/a>, avec Wulf M\u00fcller, dans un article intitul\u00e9 \u00ab \u00c0 la recherche de Ruz au Val-de-Ruz : un myst\u00e8re \u00e9clairci \u00bb&#8230;<br \/>\nPour commander le num\u00e9ro de l&rsquo;ann\u00e9e en cours, vous pouvez adresser un courrier \u00e9lectronique \u00e0 N. Aubert \u00e0 l&rsquo;adresse suivante : nacths (a) vtx.ch. Les autres num\u00e9ros peuvent \u00eatre command\u00e9s \u00e0 la Biblioth\u00e8que publique et universitaire, place Numa-Droz, \u00e0 Neuch\u00e2tel, ou par courrier \u00e9lectronique \u00e0 l&rsquo;adresse histoirene (a) gmail.com.<br \/>\nBonne lecture !<\/p>\n","protected":false},"excerpt":{"rendered":"<p>Selon les chercheurs \u00c9ric Siegrist et Wulf M\u00fcller, l&rsquo;\u00e9tymon \u00e0 l&rsquo;origine du Ruz de notre Val-de-Ruz serait *Rot\u00f3ialon, nom primitif reconstruit d&rsquo;un habitat pr\u00e9romain \u00e0 la lisi\u00e8re est de Coffrane. Mais que signifie ce nom ? Si l&rsquo;onomastique vous int\u00e9resse et que vous souhaitez d\u00e9couvrir l&rsquo;histoire de ce toponyme, la Revue historique neuch\u00e2teloise, dans son [&hellip;]<\/p>\n","protected":false},"author":5,"featured_media":0,"comment_status":"closed","ping_status":"closed","sticky":false,"template":"","format":"standard","meta":{"_jetpack_newsletter_access":"","_jetpack_dont_email_post_to_subs":false,"_jetpack_newsletter_tier_id":0,"_jetpack_memberships_contains_paywalled_content":false,"_jetpack_memberships_contains_paid_content":false,"footnotes":""},"categories":[9],"tags":[],"class_list":["post-325","post","type-post","status-publish","format-standard","hentry","category-val-de-ruz"],"jetpack_featured_media_url":"","jetpack_sharing_enabled":true,"jetpack_shortlink":"https:\/\/wp.me\/pfBqfE-5f","_links":{"self":[{"href":"https:\/\/www.siar.ch\/index.php?rest_route=\/wp\/v2\/posts\/325","targetHints":{"allow":["GET"]}}],"collection":[{"href":"https:\/\/www.siar.ch\/index.php?rest_route=\/wp\/v2\/posts"}],"about":[{"href":"https:\/\/www.siar.ch\/index.php?rest_route=\/wp\/v2\/types\/post"}],"author":[{"embeddable":true,"href":"https:\/\/www.siar.ch\/index.php?rest_route=\/wp\/v2\/users\/5"}],"replies":[{"embeddable":true,"href":"https:\/\/www.siar.ch\/index.php?rest_route=%2Fwp%2Fv2%2Fcomments&post=325"}],"version-history":[{"count":6,"href":"https:\/\/www.siar.ch\/index.php?rest_route=\/wp\/v2\/posts\/325\/revisions"}],"predecessor-version":[{"id":328,"href":"https:\/\/www.siar.ch\/index.php?rest_route=\/wp\/v2\/posts\/325\/revisions\/328"}],"wp:attachment":[{"href":"https:\/\/www.siar.ch\/index.php?rest_route=%2Fwp%2Fv2%2Fmedia&parent=325"}],"wp:term":[{"taxonomy":"category","embeddable":true,"href":"https:\/\/www.siar.ch\/index.php?rest_route=%2Fwp%2Fv2%2Fcategories&post=325"},{"taxonomy":"post_tag","embeddable":true,"href":"https:\/\/www.siar.ch\/index.php?rest_route=%2Fwp%2Fv2%2Ftags&post=325"}],"curies":[{"name":"wp","href":"https:\/\/api.w.org\/{rel}","templated":true}]}}