{"id":349,"date":"2015-10-06T13:00:54","date_gmt":"2015-10-06T13:00:54","guid":{"rendered":"http:\/\/www.siar.ch\/?p=349"},"modified":"2015-10-06T13:04:50","modified_gmt":"2015-10-06T13:04:50","slug":"le-siar-se-domicilie-a-ladministration-communale-de-corcelles-cormondreche","status":"publish","type":"post","link":"https:\/\/www.siar.ch\/?p=349","title":{"rendered":"Le SIAr se domicilie \u00e0 l&rsquo;administration communale de Corcelles-Cormondr\u00e8che"},"content":{"rendered":"<p>Suite au d\u00e9m\u00e9nagement (voir <a href=\"http:\/\/www.docuteam.ch\/?p=2434\" target=\"_blank\">annonce<\/a>) du bureau romand de l&rsquo;entreprise docuteam, qui prend en charge la gestion du Service intercommunal d&rsquo;archivage, le SIAr sera domicili\u00e9 d\u00e8s \u00e0 pr\u00e9sent \u00e0 l&rsquo;administration de la Commune de Corcelles-Cormondr\u00e8che.<br \/>\nNotre nouvelle adresse sera donc :<\/p>\n<p>Service intercommunal d&rsquo;archivage<br \/>\nc\/o Commune de Corcelles-Cormondr\u00e8che<br \/>\nRue de la Croix 7<br \/>\n2035 Corcelles<\/p>\n","protected":false},"excerpt":{"rendered":"<p>Suite au d\u00e9m\u00e9nagement (voir annonce) du bureau romand de l&rsquo;entreprise docuteam, qui prend en charge la gestion du Service intercommunal d&rsquo;archivage, le SIAr sera domicili\u00e9 d\u00e8s \u00e0 pr\u00e9sent \u00e0 l&rsquo;administration de la Commune de Corcelles-Cormondr\u00e8che. Notre nouvelle adresse sera donc : Service intercommunal d&rsquo;archivage c\/o Commune de Corcelles-Cormondr\u00e8che Rue de la Croix 7 2035 Corcelles<\/p>\n","protected":false},"author":2,"featured_media":0,"comment_status":"closed","ping_status":"closed","sticky":false,"template":"","format":"standard","meta":{"_jetpack_newsletter_access":"","_jetpack_dont_email_post_to_subs":false,"_jetpack_newsletter_tier_id":0,"_jetpack_memberships_contains_paywalled_content":false,"_jetpack_memberships_contains_paid_content":false,"footnotes":""},"categories":[4,18],"tags":[],"class_list":["post-349","post","type-post","status-publish","format-standard","hentry","category-corcelles-cormondreche","category-equipe-locaux"],"jetpack_featured_media_url":"","jetpack_sharing_enabled":true,"jetpack_shortlink":"https:\/\/wp.me\/pfBqfE-5D","_links":{"self":[{"href":"https:\/\/www.siar.ch\/index.php?rest_route=\/wp\/v2\/posts\/349","targetHints":{"allow":["GET"]}}],"collection":[{"href":"https:\/\/www.siar.ch\/index.php?rest_route=\/wp\/v2\/posts"}],"about":[{"href":"https:\/\/www.siar.ch\/index.php?rest_route=\/wp\/v2\/types\/post"}],"author":[{"embeddable":true,"href":"https:\/\/www.siar.ch\/index.php?rest_route=\/wp\/v2\/users\/2"}],"replies":[{"embeddable":true,"href":"https:\/\/www.siar.ch\/index.php?rest_route=%2Fwp%2Fv2%2Fcomments&post=349"}],"version-history":[{"count":6,"href":"https:\/\/www.siar.ch\/index.php?rest_route=\/wp\/v2\/posts\/349\/revisions"}],"predecessor-version":[{"id":356,"href":"https:\/\/www.siar.ch\/index.php?rest_route=\/wp\/v2\/posts\/349\/revisions\/356"}],"wp:attachment":[{"href":"https:\/\/www.siar.ch\/index.php?rest_route=%2Fwp%2Fv2%2Fmedia&parent=349"}],"wp:term":[{"taxonomy":"category","embeddable":true,"href":"https:\/\/www.siar.ch\/index.php?rest_route=%2Fwp%2Fv2%2Fcategories&post=349"},{"taxonomy":"post_tag","embeddable":true,"href":"https:\/\/www.siar.ch\/index.php?rest_route=%2Fwp%2Fv2%2Ftags&post=349"}],"curies":[{"name":"wp","href":"https:\/\/api.w.org\/{rel}","templated":true}]}}