{"id":418,"date":"2016-08-22T07:53:46","date_gmt":"2016-08-22T07:53:46","guid":{"rendered":"http:\/\/www.siar.ch\/?p=418"},"modified":"2018-06-11T09:25:31","modified_gmt":"2018-06-11T09:25:31","slug":"la-commune-de-la-tene-adhere-au-siar","status":"publish","type":"post","link":"https:\/\/www.siar.ch\/?p=418","title":{"rendered":"La Commune de La T\u00e8ne adh\u00e8re au SIAr"},"content":{"rendered":"<p>La Commune de <a href=\"http:\/\/www.commune-la-tene.ch\" target=\"_blank\">La T\u00e8ne<\/a> (4&rsquo;920 habitants en 2015, District de Neuch\u00e2tel) rejoint en 2016 la Convention. Les premiers travaux que le SIAr entreprendra pour elle, seront dans le domaine de la gestion int\u00e9gr\u00e9e des documents (GID). Elle sera donc la cinqui\u00e8me commune membre du SIAr apr\u00e8s Cortaillod, Enges, Val-de-Ruz et Milvignes \u00e0 mettre en place ce type d\u2019organisation documentaire avec notre appui. Nous lui souhaitons la bienvenue !<\/p>\n","protected":false},"excerpt":{"rendered":"<p>La Commune de La T\u00e8ne (4&rsquo;920 habitants en 2015, District de Neuch\u00e2tel) rejoint en 2016 la Convention. Les premiers travaux que le SIAr entreprendra pour elle, seront dans le domaine de la gestion int\u00e9gr\u00e9e des documents (GID). Elle sera donc la cinqui\u00e8me commune membre du SIAr apr\u00e8s Cortaillod, Enges, Val-de-Ruz et Milvignes \u00e0 mettre en [&hellip;]<\/p>\n","protected":false},"author":2,"featured_media":0,"comment_status":"closed","ping_status":"closed","sticky":false,"template":"","format":"standard","meta":{"_jetpack_newsletter_access":"","_jetpack_dont_email_post_to_subs":false,"_jetpack_newsletter_tier_id":0,"_jetpack_memberships_contains_paywalled_content":false,"_jetpack_memberships_contains_paid_content":false,"footnotes":""},"categories":[32,28,3],"tags":[],"class_list":["post-418","post","type-post","status-publish","format-standard","hentry","category-fusion","category-la-tene","category-membres"],"jetpack_featured_media_url":"","jetpack_sharing_enabled":true,"jetpack_shortlink":"https:\/\/wp.me\/pfBqfE-6K","_links":{"self":[{"href":"https:\/\/www.siar.ch\/index.php?rest_route=\/wp\/v2\/posts\/418","targetHints":{"allow":["GET"]}}],"collection":[{"href":"https:\/\/www.siar.ch\/index.php?rest_route=\/wp\/v2\/posts"}],"about":[{"href":"https:\/\/www.siar.ch\/index.php?rest_route=\/wp\/v2\/types\/post"}],"author":[{"embeddable":true,"href":"https:\/\/www.siar.ch\/index.php?rest_route=\/wp\/v2\/users\/2"}],"replies":[{"embeddable":true,"href":"https:\/\/www.siar.ch\/index.php?rest_route=%2Fwp%2Fv2%2Fcomments&post=418"}],"version-history":[{"count":1,"href":"https:\/\/www.siar.ch\/index.php?rest_route=\/wp\/v2\/posts\/418\/revisions"}],"predecessor-version":[{"id":419,"href":"https:\/\/www.siar.ch\/index.php?rest_route=\/wp\/v2\/posts\/418\/revisions\/419"}],"wp:attachment":[{"href":"https:\/\/www.siar.ch\/index.php?rest_route=%2Fwp%2Fv2%2Fmedia&parent=418"}],"wp:term":[{"taxonomy":"category","embeddable":true,"href":"https:\/\/www.siar.ch\/index.php?rest_route=%2Fwp%2Fv2%2Fcategories&post=418"},{"taxonomy":"post_tag","embeddable":true,"href":"https:\/\/www.siar.ch\/index.php?rest_route=%2Fwp%2Fv2%2Ftags&post=418"}],"curies":[{"name":"wp","href":"https:\/\/api.w.org\/{rel}","templated":true}]}}