{"id":585,"date":"2019-07-04T11:30:02","date_gmt":"2019-07-04T10:30:02","guid":{"rendered":"http:\/\/www.siar.ch\/?p=585"},"modified":"2019-07-04T11:30:02","modified_gmt":"2019-07-04T10:30:02","slug":"la-commune-de-val-de-travers-adhere-au-siar","status":"publish","type":"post","link":"https:\/\/www.siar.ch\/?p=585","title":{"rendered":"La Commune de Val-de-Travers adh\u00e8re au SIAr"},"content":{"rendered":"\n<p>La <a rel=\"noreferrer noopener\" href=\"https:\/\/www.saint-blaise.ch\" target=\"_blank\">Commune de Val-de-Travers<\/a> (10&rsquo;668 habitants au 31 d\u00e9cembre 2018), n\u00e9e le 1er janvier 2009 de la fusion de neuf anciennes communes (Boveresse, Buttes, Couvet, Fleurier, Les Bayards, M\u00f4tiers, Noiraigue, Saint-Sulpice et Travers), a rejoint <a href=\"https:\/\/www.siar.ch\/?page_id=8\">la Convention<\/a> en 2019.<\/p>\n\n\n\n<p>Comme la Commune dispose d\u00e9j\u00e0 de son <a rel=\"noreferrer noopener\" aria-label=\"propre service d'archives (s\u2019ouvre dans un nouvel onglet)\" href=\"https:\/\/www.val-de-travers.ch\/page\/archives\" target=\"_blank\">propre service d&rsquo;archives<\/a>, l&rsquo;\u00e9quipe du SIAr interviendra en soutien des travaux de l&rsquo;archiviste communale.<\/p>\n\n\n\n<p>Dans un premier temps, la Commune souhaite \u00eatre accompagn\u00e9e par le SIAr pour la conception et la mise en \u0153uvre d&rsquo;un <a href=\"https:\/\/www.ne.ch\/autorites\/DJSC\/SCNE\/archives-etat\/communes\/Pages\/52-PlanArchivage.aspx\">plan d&rsquo;archivage<\/a> pour l&rsquo;ensemble des collaboratrices et collaborateurs de l&rsquo;administration communale, en vue de l&rsquo;impl\u00e9mentation d&rsquo;un syst\u00e8me de gestion \u00e9lectronique des documents (GED).<\/p>\n\n\n\n<p>Nous souhaitons la bienvenue \u00e0 Val-de-Travers !<\/p>\n","protected":false},"excerpt":{"rendered":"<p>La Commune de Val-de-Travers (10&rsquo;668 habitants au 31 d\u00e9cembre 2018), n\u00e9e le 1er janvier 2009 de la fusion de neuf anciennes communes (Boveresse, Buttes, Couvet, Fleurier, Les Bayards, M\u00f4tiers, Noiraigue, Saint-Sulpice et Travers), a rejoint la Convention en 2019. Comme la Commune dispose d\u00e9j\u00e0 de son propre service d&rsquo;archives, l&rsquo;\u00e9quipe du SIAr interviendra en soutien [&hellip;]<\/p>\n","protected":false},"author":7,"featured_media":0,"comment_status":"closed","ping_status":"closed","sticky":false,"template":"","format":"standard","meta":{"_jetpack_newsletter_access":"","_jetpack_dont_email_post_to_subs":false,"_jetpack_newsletter_tier_id":0,"_jetpack_memberships_contains_paywalled_content":false,"_jetpack_memberships_contains_paid_content":false,"footnotes":""},"categories":[32,12,35],"tags":[],"class_list":["post-585","post","type-post","status-publish","format-standard","hentry","category-fusion","category-gestion-documentaire","category-val-de-travers"],"jetpack_featured_media_url":"","jetpack_sharing_enabled":true,"jetpack_shortlink":"https:\/\/wp.me\/pfBqfE-9r","_links":{"self":[{"href":"https:\/\/www.siar.ch\/index.php?rest_route=\/wp\/v2\/posts\/585","targetHints":{"allow":["GET"]}}],"collection":[{"href":"https:\/\/www.siar.ch\/index.php?rest_route=\/wp\/v2\/posts"}],"about":[{"href":"https:\/\/www.siar.ch\/index.php?rest_route=\/wp\/v2\/types\/post"}],"author":[{"embeddable":true,"href":"https:\/\/www.siar.ch\/index.php?rest_route=\/wp\/v2\/users\/7"}],"replies":[{"embeddable":true,"href":"https:\/\/www.siar.ch\/index.php?rest_route=%2Fwp%2Fv2%2Fcomments&post=585"}],"version-history":[{"count":1,"href":"https:\/\/www.siar.ch\/index.php?rest_route=\/wp\/v2\/posts\/585\/revisions"}],"predecessor-version":[{"id":588,"href":"https:\/\/www.siar.ch\/index.php?rest_route=\/wp\/v2\/posts\/585\/revisions\/588"}],"wp:attachment":[{"href":"https:\/\/www.siar.ch\/index.php?rest_route=%2Fwp%2Fv2%2Fmedia&parent=585"}],"wp:term":[{"taxonomy":"category","embeddable":true,"href":"https:\/\/www.siar.ch\/index.php?rest_route=%2Fwp%2Fv2%2Fcategories&post=585"},{"taxonomy":"post_tag","embeddable":true,"href":"https:\/\/www.siar.ch\/index.php?rest_route=%2Fwp%2Fv2%2Ftags&post=585"}],"curies":[{"name":"wp","href":"https:\/\/api.w.org\/{rel}","templated":true}]}}