{"id":76,"date":"2014-03-25T13:54:25","date_gmt":"2014-03-25T13:54:25","guid":{"rendered":"http:\/\/web415.120.hosttech.eu\/?p=76"},"modified":"2014-04-10T09:42:36","modified_gmt":"2014-04-10T09:42:36","slug":"un-nouveau-plugin","status":"publish","type":"post","link":"https:\/\/www.siar.ch\/?p=76","title":{"rendered":"Le SIAr a de nouveaux bureaux"},"content":{"rendered":"<p><a href=\"https:\/\/www.siar.ch\/wp-content\/uploads\/2014\/03\/IMG_0195.jpg\"><img loading=\"lazy\" decoding=\"async\" class=\"alignnone size-medium wp-image-120\" alt=\"IMG_0195\" src=\"https:\/\/www.siar.ch\/wp-content\/uploads\/2014\/03\/IMG_0195-300x225.jpg\" width=\"300\" height=\"225\" srcset=\"https:\/\/www.siar.ch\/wp-content\/uploads\/2014\/03\/IMG_0195-300x225.jpg 300w, https:\/\/www.siar.ch\/wp-content\/uploads\/2014\/03\/IMG_0195-1024x768.jpg 1024w, https:\/\/www.siar.ch\/wp-content\/uploads\/2014\/03\/IMG_0195-624x467.jpg 624w\" sizes=\"auto, (max-width: 300px) 100vw, 300px\" \/><\/a><\/p>\n<p>Depuis le 1er janvier 2012, la prise en charge du SIAr a \u00e9t\u00e9 confi\u00e9e \u00e0 l&rsquo;<a href=\"http:\/\/www.docuteam.ch\/fr\/\" target=\"_blank\">entreprise docuteam<\/a> sous forme de mandat de prestation, et depuis le 1er d\u00e9cembre 2013, les bureaux du SIAr ont \u00e9t\u00e9 d\u00e9plac\u00e9s dans les locaux lou\u00e9s par cette soci\u00e9t\u00e9 \u00e0 Montmollin (commune de Val-de-Ruz, Neuch\u00e2tel). Gr\u00e2ce \u00e0 ce d\u00e9m\u00e9nagement le SIAr dispose d&rsquo;espaces de travail adapt\u00e9s, lui permettant de traiter dans ses bureaux les archives qu&rsquo;on lui confie. Le b\u00e2timent dispose aussi d&rsquo;une salle de r\u00e9union et de suffisamment de place pour accueillir des chercheurs. Nous serions heureux de vous faire visiter ces lieux. N&rsquo;h\u00e9sitez donc pas \u00e0 <a title=\"Contact\" href=\"https:\/\/www.siar.ch\/?page_id=34\" target=\"_blank\">nous contacter<\/a> pour fixer un rendez-vous.<\/p>\n","protected":false},"excerpt":{"rendered":"<p>Depuis le 1er janvier 2012, la prise en charge du SIAr a \u00e9t\u00e9 confi\u00e9e \u00e0 l&rsquo;entreprise docuteam sous forme de mandat de prestation, et depuis le 1er d\u00e9cembre 2013, les bureaux du SIAr ont \u00e9t\u00e9 d\u00e9plac\u00e9s dans les locaux lou\u00e9s par cette soci\u00e9t\u00e9 \u00e0 Montmollin (commune de Val-de-Ruz, Neuch\u00e2tel). Gr\u00e2ce \u00e0 ce d\u00e9m\u00e9nagement le SIAr [&hellip;]<\/p>\n","protected":false},"author":2,"featured_media":0,"comment_status":"closed","ping_status":"closed","sticky":false,"template":"","format":"standard","meta":{"_jetpack_newsletter_access":"","_jetpack_dont_email_post_to_subs":false,"_jetpack_newsletter_tier_id":0,"_jetpack_memberships_contains_paywalled_content":false,"_jetpack_memberships_contains_paid_content":false,"footnotes":""},"categories":[18],"tags":[],"class_list":["post-76","post","type-post","status-publish","format-standard","hentry","category-equipe-locaux"],"jetpack_featured_media_url":"","jetpack_sharing_enabled":true,"jetpack_shortlink":"https:\/\/wp.me\/pfBqfE-1e","_links":{"self":[{"href":"https:\/\/www.siar.ch\/index.php?rest_route=\/wp\/v2\/posts\/76","targetHints":{"allow":["GET"]}}],"collection":[{"href":"https:\/\/www.siar.ch\/index.php?rest_route=\/wp\/v2\/posts"}],"about":[{"href":"https:\/\/www.siar.ch\/index.php?rest_route=\/wp\/v2\/types\/post"}],"author":[{"embeddable":true,"href":"https:\/\/www.siar.ch\/index.php?rest_route=\/wp\/v2\/users\/2"}],"replies":[{"embeddable":true,"href":"https:\/\/www.siar.ch\/index.php?rest_route=%2Fwp%2Fv2%2Fcomments&post=76"}],"version-history":[{"count":5,"href":"https:\/\/www.siar.ch\/index.php?rest_route=\/wp\/v2\/posts\/76\/revisions"}],"predecessor-version":[{"id":128,"href":"https:\/\/www.siar.ch\/index.php?rest_route=\/wp\/v2\/posts\/76\/revisions\/128"}],"wp:attachment":[{"href":"https:\/\/www.siar.ch\/index.php?rest_route=%2Fwp%2Fv2%2Fmedia&parent=76"}],"wp:term":[{"taxonomy":"category","embeddable":true,"href":"https:\/\/www.siar.ch\/index.php?rest_route=%2Fwp%2Fv2%2Fcategories&post=76"},{"taxonomy":"post_tag","embeddable":true,"href":"https:\/\/www.siar.ch\/index.php?rest_route=%2Fwp%2Fv2%2Ftags&post=76"}],"curies":[{"name":"wp","href":"https:\/\/api.w.org\/{rel}","templated":true}]}}