{"id":803,"date":"2020-04-27T16:32:52","date_gmt":"2020-04-27T15:32:52","guid":{"rendered":"http:\/\/www.siar.ch\/?p=803"},"modified":"2020-04-27T16:32:52","modified_gmt":"2020-04-27T15:32:52","slug":"reglement-type-pour-les-archives-communales","status":"publish","type":"post","link":"https:\/\/www.siar.ch\/?p=803","title":{"rendered":"R\u00e8glement type pour les archives communales"},"content":{"rendered":"\n<p>La Commune de Val-de-Ruz a publi\u00e9 son <a rel=\"noreferrer noopener\" href=\"https:\/\/www.val-de-ruz.ch\/fileadmin\/sites\/vdr\/files\/documents\/RSVDR\/Conseil_communal_et_general\/0_Administration\/2020.04.08-Reglement_utilisation_archives.pdf\" target=\"_blank\">r\u00e8glement d&rsquo;utilisation des archives communales<\/a>. <\/p>\n\n\n\n<p>\u00c9labor\u00e9 avec la collaboration du Service intercommunal d\u2019archivage (SIAr), ce r\u00e8glement a \u00e9t\u00e9 approuv\u00e9 par l\u2019Office des archives de l\u2019\u00c9tat (OAEN) et le PPDT-JUNE.<\/p>\n\n\n\n<p>Chaque commune qui souhaite se doter d\u2019un tel document peut le retranscrire selon son visuel et son organisation (<a rel=\"noreferrer noopener\" href=\"https:\/\/www.siar.ch\/wp-content\/uploads\/2020\/04\/ReglementType_UtilisationArchivesCommunales_SIAr.docx\" target=\"_blank\">r\u00e8glement type d&rsquo;utilisation des archives communales<\/a>), puis le faire adopter par le Conseil communal et le publier dans son recueil syst\u00e9matique.<\/p>\n\n\n\n<p>L&rsquo;existence d&rsquo;un tel r\u00e8glement valid\u00e9 par la commune sera g\u00e9n\u00e9ralement pr\u00e9cis\u00e9 dans les conditions d&rsquo;acc\u00e8s (champs 4.1) et les conditions de reproduction (champs 4.2) des <a rel=\"noreferrer noopener\" href=\"https:\/\/www.siar.ch\/?page_id=429\" target=\"_blank\">inventaires d&rsquo;archives<\/a> et dans les sites web des communes.<\/p>\n","protected":false},"excerpt":{"rendered":"<p>La Commune de Val-de-Ruz a publi\u00e9 son r\u00e8glement d&rsquo;utilisation des archives communales. \u00c9labor\u00e9 avec la collaboration du Service intercommunal d\u2019archivage (SIAr), ce r\u00e8glement a \u00e9t\u00e9 approuv\u00e9 par l\u2019Office des archives de l\u2019\u00c9tat (OAEN) et le PPDT-JUNE. Chaque commune qui souhaite se doter d\u2019un tel document peut le retranscrire selon son visuel et son organisation (r\u00e8glement [&hellip;]<\/p>\n","protected":false},"author":7,"featured_media":0,"comment_status":"closed","ping_status":"closed","sticky":false,"template":"","format":"standard","meta":{"_jetpack_newsletter_access":"","_jetpack_dont_email_post_to_subs":false,"_jetpack_newsletter_tier_id":0,"_jetpack_memberships_contains_paywalled_content":false,"_jetpack_memberships_contains_paid_content":false,"footnotes":""},"categories":[29,9],"tags":[],"class_list":["post-803","post","type-post","status-publish","format-standard","hentry","category-recherche","category-val-de-ruz"],"jetpack_featured_media_url":"","jetpack_sharing_enabled":true,"jetpack_shortlink":"https:\/\/wp.me\/pfBqfE-cX","_links":{"self":[{"href":"https:\/\/www.siar.ch\/index.php?rest_route=\/wp\/v2\/posts\/803","targetHints":{"allow":["GET"]}}],"collection":[{"href":"https:\/\/www.siar.ch\/index.php?rest_route=\/wp\/v2\/posts"}],"about":[{"href":"https:\/\/www.siar.ch\/index.php?rest_route=\/wp\/v2\/types\/post"}],"author":[{"embeddable":true,"href":"https:\/\/www.siar.ch\/index.php?rest_route=\/wp\/v2\/users\/7"}],"replies":[{"embeddable":true,"href":"https:\/\/www.siar.ch\/index.php?rest_route=%2Fwp%2Fv2%2Fcomments&post=803"}],"version-history":[{"count":2,"href":"https:\/\/www.siar.ch\/index.php?rest_route=\/wp\/v2\/posts\/803\/revisions"}],"predecessor-version":[{"id":806,"href":"https:\/\/www.siar.ch\/index.php?rest_route=\/wp\/v2\/posts\/803\/revisions\/806"}],"wp:attachment":[{"href":"https:\/\/www.siar.ch\/index.php?rest_route=%2Fwp%2Fv2%2Fmedia&parent=803"}],"wp:term":[{"taxonomy":"category","embeddable":true,"href":"https:\/\/www.siar.ch\/index.php?rest_route=%2Fwp%2Fv2%2Fcategories&post=803"},{"taxonomy":"post_tag","embeddable":true,"href":"https:\/\/www.siar.ch\/index.php?rest_route=%2Fwp%2Fv2%2Ftags&post=803"}],"curies":[{"name":"wp","href":"https:\/\/api.w.org\/{rel}","templated":true}]}}