{"id":839,"date":"2020-09-16T14:59:15","date_gmt":"2020-09-16T13:59:15","guid":{"rendered":"http:\/\/www.siar.ch\/?p=839"},"modified":"2020-09-23T21:17:46","modified_gmt":"2020-09-23T20:17:46","slug":"que-nous-racontent-les-rues-de-milvignes-une-histoire-des-noms-de-rues-documentee-aussi-par-les-archives","status":"publish","type":"post","link":"https:\/\/www.siar.ch\/?p=839","title":{"rendered":"\u00ab Que nous racontent les rues de Milvignes ? \u00bb &#8211; une histoire des noms de rues document\u00e9e aussi par les archives"},"content":{"rendered":"\n<div class=\"wp-block-group\"><div class=\"wp-block-group__inner-container is-layout-flow wp-block-group-is-layout-flow\">\n<p><span lang=\"FR-CH\">Deux habitants de Milvignes &#8211; Fr\u00e9d\u00e9ric Laurent et Thomas Karlen &#8211; nous racontent <\/span>une histoire des noms de rues d&rsquo;Auvernier, B\u00f4le et Colombier dans une exposition-d\u00e9couverte au Temple de B\u00f4le (du 18 au 21 septembre 2020).<\/p>\n<p>Certains des myst\u00e8res toponymiques ont pu \u00eatre r\u00e9solus gr\u00e2ce aux dossiers d&rsquo;archives de Milvignes. Nous esp\u00e9rons que cette recherche aura une suite et que les r\u00e9sultats pourront \u00eatre publi\u00e9s \u00e0 l&rsquo;avenir.<\/p>\n<\/div><\/div>\n\n\n\n<figure class=\"wp-block-image size-large\"><img decoding=\"async\" src=\"https:\/\/upload.wikimedia.org\/wikipedia\/commons\/4\/4a\/Archivage_SIAr-852_2020_Exposition_Archives_Temple_de_B%C3%B4le.jpg\" alt=\"\"\/><\/figure>\n\n\n\n<p>Lire l&rsquo;article de Jacques Laurent, <a href=\"https:\/\/www.siar.ch\/wp-content\/uploads\/2020\/09\/littoral_re_and_769_gion_11_9_2020.pdf\" target=\"_blank\" rel=\"noopener noreferrer\">\u00ab59 \u00e9claircissements et un myst\u00e8re\u00bb<\/a> dans <a href=\"http:\/\/www.littoralregion.ch\/archives\/littoral_re_and_769_gion_11_9_2020.pdf\"><em>Littoral R\u00e9gion<\/em> no 4693 du 11 septembre 2020<\/a> (p. 4)<\/p>\n","protected":false},"excerpt":{"rendered":"<p>Deux habitants de Milvignes &#8211; Fr\u00e9d\u00e9ric Laurent et Thomas Karlen &#8211; nous racontent une histoire des noms de rues d&rsquo;Auvernier, B\u00f4le et Colombier dans une exposition-d\u00e9couverte au Temple de B\u00f4le (du 18 au 21 septembre 2020). Certains des myst\u00e8res toponymiques ont pu \u00eatre r\u00e9solus gr\u00e2ce aux dossiers d&rsquo;archives de Milvignes. Nous esp\u00e9rons que cette recherche [&hellip;]<\/p>\n","protected":false},"author":7,"featured_media":0,"comment_status":"closed","ping_status":"closed","sticky":false,"template":"","format":"standard","meta":{"_jetpack_newsletter_access":"","_jetpack_dont_email_post_to_subs":false,"_jetpack_newsletter_tier_id":0,"_jetpack_memberships_contains_paywalled_content":false,"_jetpack_memberships_contains_paid_content":false,"footnotes":""},"categories":[27,22,15],"tags":[],"class_list":["post-839","post","type-post","status-publish","format-standard","hentry","category-milvignes","category-revue-de-presse","category-valorisation"],"jetpack_featured_media_url":"","jetpack_sharing_enabled":true,"jetpack_shortlink":"https:\/\/wp.me\/pfBqfE-dx","_links":{"self":[{"href":"https:\/\/www.siar.ch\/index.php?rest_route=\/wp\/v2\/posts\/839","targetHints":{"allow":["GET"]}}],"collection":[{"href":"https:\/\/www.siar.ch\/index.php?rest_route=\/wp\/v2\/posts"}],"about":[{"href":"https:\/\/www.siar.ch\/index.php?rest_route=\/wp\/v2\/types\/post"}],"author":[{"embeddable":true,"href":"https:\/\/www.siar.ch\/index.php?rest_route=\/wp\/v2\/users\/7"}],"replies":[{"embeddable":true,"href":"https:\/\/www.siar.ch\/index.php?rest_route=%2Fwp%2Fv2%2Fcomments&post=839"}],"version-history":[{"count":6,"href":"https:\/\/www.siar.ch\/index.php?rest_route=\/wp\/v2\/posts\/839\/revisions"}],"predecessor-version":[{"id":849,"href":"https:\/\/www.siar.ch\/index.php?rest_route=\/wp\/v2\/posts\/839\/revisions\/849"}],"wp:attachment":[{"href":"https:\/\/www.siar.ch\/index.php?rest_route=%2Fwp%2Fv2%2Fmedia&parent=839"}],"wp:term":[{"taxonomy":"category","embeddable":true,"href":"https:\/\/www.siar.ch\/index.php?rest_route=%2Fwp%2Fv2%2Fcategories&post=839"},{"taxonomy":"post_tag","embeddable":true,"href":"https:\/\/www.siar.ch\/index.php?rest_route=%2Fwp%2Fv2%2Ftags&post=839"}],"curies":[{"name":"wp","href":"https:\/\/api.w.org\/{rel}","templated":true}]}}