{"id":984,"date":"2022-04-05T10:46:27","date_gmt":"2022-04-05T09:46:27","guid":{"rendered":"https:\/\/www.siar.ch\/?p=984"},"modified":"2022-04-05T10:46:27","modified_gmt":"2022-04-05T09:46:27","slug":"des-archivistes-super-contributrices-a-wikipedia","status":"publish","type":"post","link":"https:\/\/www.siar.ch\/?p=984","title":{"rendered":"Des archivistes \u00absuper-contributrices\u00bb \u00e0 Wikip\u00e9dia!"},"content":{"rendered":"\n<p>Nom de code : <a href=\"https:\/\/fr.wikipedia.org\/wiki\/Projet:WikiNeocomensia\" target=\"_blank\" rel=\"noopener\">WikiNeocomensia<\/a>. C&rsquo;est le projet d\u00e9crit par Pascal Hofer dans <a href=\"https:\/\/www.arcinfo.ch\/neuchatel-canton\/des-neuchateloises-sactivent-pour-enrichir-wikipedia-1170135\" target=\"_blank\" rel=\"noopener\">son article \u00abDes Neuch\u00e2teloises s\u2019activent pour enrichir Wikip\u00e9dia\u00bb (<em>ArcInfo<\/em> du 31 mars)<\/a>.<\/p>\n<p><span class=\"break-words\"><span dir=\"ltr\">Depuis 2018, des archivistes, historiennes, arch\u00e9ologues neuch\u00e2teloises s&rsquo;activent pour documenter le patrimoine neuch\u00e2telois (patrimoine b\u00e2ti, art, personnalit\u00e9s, histoire, etc.) dans les diff\u00e9rents projets Wikimedia : l&rsquo;encyclop\u00e9die en ligne Wikip\u00e9dia, la m\u00e9diath\u00e8que Wikimedia Commons et la base de donn\u00e9es multilingue Wikidata.<br \/><\/span><\/span><\/p>\n<div id=\"attachment_986\" style=\"width: 310px\" class=\"wp-caption aligncenter\"><a href=\"https:\/\/www.siar.ch\/wp-content\/uploads\/2022\/04\/eglisecressierwikipedia.jpg\"><img loading=\"lazy\" decoding=\"async\" aria-describedby=\"caption-attachment-986\" class=\"size-medium wp-image-986\" src=\"https:\/\/www.siar.ch\/wp-content\/uploads\/2022\/04\/eglisecressierwikipedia-300x225.jpg\" alt=\"\" width=\"300\" height=\"225\" srcset=\"https:\/\/www.siar.ch\/wp-content\/uploads\/2022\/04\/eglisecressierwikipedia-300x225.jpg 300w, https:\/\/www.siar.ch\/wp-content\/uploads\/2022\/04\/eglisecressierwikipedia-1024x768.jpg 1024w, https:\/\/www.siar.ch\/wp-content\/uploads\/2022\/04\/eglisecressierwikipedia-768x576.jpg 768w, https:\/\/www.siar.ch\/wp-content\/uploads\/2022\/04\/eglisecressierwikipedia-1536x1152.jpg 1536w, https:\/\/www.siar.ch\/wp-content\/uploads\/2022\/04\/eglisecressierwikipedia-624x468.jpg 624w, https:\/\/www.siar.ch\/wp-content\/uploads\/2022\/04\/eglisecressierwikipedia.jpg 1800w\" sizes=\"auto, (max-width: 300px) 100vw, 300px\" \/><\/a><p id=\"caption-attachment-986\" class=\"wp-caption-text\">Photo : ArcInfo<\/p><\/div>\n<p><span class=\"break-words\"><span dir=\"ltr\">Parmi ces \u00absuper-contributrices\u00bb figure notre coll\u00e8gue Gilliane Kern avec son motto : \u00abIl s\u2019agit \u00e0 la fois d\u2019optimiser le travail des archivistes et de faciliter le partage de leurs connaissances afin de rendre ce savoir disponible au plus grand monde.\u00bb<\/span><\/span><\/p>\n<p><span class=\"break-words\"><span dir=\"ltr\">Merci \u00e0 Pascal Hofer d&rsquo;avoir mis en valeur ce projet n\u00e9 un beau jour d&rsquo;\u00e9t\u00e9 sur un coup de t\u00eate, merci \u00e0 Amandine Cabrio de l&rsquo;avoir port\u00e9 d\u00e8s le d\u00e9but d&rsquo;une main de ma\u00eetresse et merci \u00e0 Flor M\u00e9chain pour son soutien wikim\u00e9dien inconditionnel !<\/span><\/span><\/p>\n<p><span class=\"break-words\"><span dir=\"ltr\">On se retrouve lors de la <a href=\"https:\/\/vsa-aas.ch\/fr\/100-ans-aas\/archivwoche-2022-2\/\" target=\"_blank\" rel=\"noopener\">Semaine internationale des archives<\/a> du 6 au 11 juin en cette ann\u00e9e du centenaire de l&rsquo;Association des archivistes suisses. Nous avons notamment pr\u00e9vu d&rsquo;organiser un atelier Wikip\u00e9dia\/Wikimedia Commons \u00e0 Colombier avec les Archives de la Commune de Milvignes.<\/span><\/span><\/p>\n","protected":false},"excerpt":{"rendered":"<p>Nom de code : WikiNeocomensia. C&rsquo;est le projet d\u00e9crit par Pascal Hofer dans son article \u00abDes Neuch\u00e2teloises s\u2019activent pour enrichir Wikip\u00e9dia\u00bb (ArcInfo du 31 mars). Depuis 2018, des archivistes, historiennes, arch\u00e9ologues neuch\u00e2teloises s&rsquo;activent pour documenter le patrimoine neuch\u00e2telois (patrimoine b\u00e2ti, art, personnalit\u00e9s, histoire, etc.) dans les diff\u00e9rents projets Wikimedia : l&rsquo;encyclop\u00e9die en ligne Wikip\u00e9dia, la [&hellip;]<\/p>\n","protected":false},"author":7,"featured_media":0,"comment_status":"closed","ping_status":"closed","sticky":false,"template":"","format":"standard","meta":{"_jetpack_newsletter_access":"","_jetpack_dont_email_post_to_subs":false,"_jetpack_newsletter_tier_id":0,"_jetpack_memberships_contains_paywalled_content":false,"_jetpack_memberships_contains_paid_content":false,"footnotes":""},"categories":[7,22,15],"tags":[],"class_list":["post-984","post","type-post","status-publish","format-standard","hentry","category-cressier","category-revue-de-presse","category-valorisation"],"jetpack_featured_media_url":"","jetpack_sharing_enabled":true,"jetpack_shortlink":"https:\/\/wp.me\/pfBqfE-fS","_links":{"self":[{"href":"https:\/\/www.siar.ch\/index.php?rest_route=\/wp\/v2\/posts\/984","targetHints":{"allow":["GET"]}}],"collection":[{"href":"https:\/\/www.siar.ch\/index.php?rest_route=\/wp\/v2\/posts"}],"about":[{"href":"https:\/\/www.siar.ch\/index.php?rest_route=\/wp\/v2\/types\/post"}],"author":[{"embeddable":true,"href":"https:\/\/www.siar.ch\/index.php?rest_route=\/wp\/v2\/users\/7"}],"replies":[{"embeddable":true,"href":"https:\/\/www.siar.ch\/index.php?rest_route=%2Fwp%2Fv2%2Fcomments&post=984"}],"version-history":[{"count":2,"href":"https:\/\/www.siar.ch\/index.php?rest_route=\/wp\/v2\/posts\/984\/revisions"}],"predecessor-version":[{"id":987,"href":"https:\/\/www.siar.ch\/index.php?rest_route=\/wp\/v2\/posts\/984\/revisions\/987"}],"wp:attachment":[{"href":"https:\/\/www.siar.ch\/index.php?rest_route=%2Fwp%2Fv2%2Fmedia&parent=984"}],"wp:term":[{"taxonomy":"category","embeddable":true,"href":"https:\/\/www.siar.ch\/index.php?rest_route=%2Fwp%2Fv2%2Fcategories&post=984"},{"taxonomy":"post_tag","embeddable":true,"href":"https:\/\/www.siar.ch\/index.php?rest_route=%2Fwp%2Fv2%2Ftags&post=984"}],"curies":[{"name":"wp","href":"https:\/\/api.w.org\/{rel}","templated":true}]}}